{"id":48750,"date":"2016-11-07T12:27:45","date_gmt":"2016-11-07T10:27:45","guid":{"rendered":"http:\/\/giurgiu-net.ro\/?p=48750"},"modified":"2016-11-07T12:27:45","modified_gmt":"2016-11-07T10:27:45","slug":"opinie-discursu-ca-discursu-da-concluzia-locala-ne-omoara","status":"publish","type":"post","link":"https:\/\/giurgiu-net.ro\/index.php\/2016\/11\/07\/opinie-discursu-ca-discursu-da-concluzia-locala-ne-omoara\/","title":{"rendered":"OPINIE: Discursu\u2019 ca discursu\u2019, da\u2019 concluzia \u201clocal\u0103\u201d ne omoar\u0103!"},"content":{"rendered":"<p><!--more--><\/p>\n<p>Acum, pe bune, nici nu mai conteaz\u0103 dac\u0103-\u0163i iese sau nu. Dac\u0103-i de la centru ordin, ap\u0103i t-apuci, frate, \u015fi bagi, c\u00e2t mai alambicat, justific\u0103ri din top. Nu c\u0103 \u0163i-ar fi complet str\u0103ine, s\u0103 fim cinsti\u0163i!<\/p>\n<p>Justific\u0103ri pur PNL-isto-PDL-iste primim \u015fi \u00een conferin\u0163ele de pres\u0103 ale PNL Giurgiu.\u00a0Ca s\u0103 fac\u0103 ciocu\u2019 mic <strong>medicul \u015fi profesorul<\/strong>.<\/p>\n<p>S\u0103 priceap\u0103 dracului odat\u0103 c\u0103 pentru ei, c\u00e2nd e\u015fti matale sus sau pe-aproape, nu prea e momentul vreodat\u0103.\u00a0Salarii majorate pentru medici \u015fi dasc\u0103li? Fi\u0163i serio\u015fi, \u00eentr-o alt\u0103 via\u0163\u0103!<img loading=\"lazy\" decoding=\"async\" class=\"aligncenter size-full wp-image-48751\" src=\"https:\/\/giurgiu-net.ro\/wp-content\/uploads\/2016\/11\/DSC_0369.jpg\" alt=\"dsc_0369\" width=\"800\" height=\"453\" \/><\/p>\n<p>C\u0103 acum&#8230; economia-i str\u00e2mb\u0103, c\u0103, \u015fti\u0163i, ceasu\u2019 r\u0103u- pisica tehnocrat\u0103. C\u0103 dac\u0103 vine criza? C\u0103 dac\u0103 pic\u0103 drobul de sare bruxellez \u015fi ne stric\u0103\u00a0freza noastr\u0103 cea de toate zilele, e?<\/p>\n<p>Sigur c\u0103 tu, pios, zici: ca p\u0103rinte, poten\u0163ial pacient, a\u015f vrea&#8230;, c\u0103 merit\u0103 \u015fi oamenii \u0103ia s\u0103 primeasc\u0103 mai mult! Vai, \u00eens\u0103, c\u00e2t\u0103 triste\u0163e!, nu te las\u0103 calculele megaexper\u0163ilor de la guvernul miraculos al \u201ccelui mai bun premier\u201d- dar care nu e \u00een stare s\u0103 fac\u0103 o dreptate reclamat\u0103 de at\u00e2ta amar de vreme!<\/p>\n<p>\u015e-apoi, mai zice\u0163i: cum r\u0103m\u00e2ne cu cele 180 de zile \u00eenainte de finalul mandatului? Afurisit\u0103 lege, c\u00e2nd vrei matale ai putea-o modifica(<em>vezi localele \u015fi solicitarea cu cele 2 tururi de scrutin solicitate de PNL<\/em>), dar c\u00e2nd nu, e sf\u00e2nt\u0103-a dracu\u2019!\u00a0Nici nu mai conteaz\u0103 dac\u0103 subiectele cu iz central \u00ee\u0163i ies sau nu. C\u0103 oricum nu mai ascult\u0103 nimeni \u015fi nici nu exist\u0103 justific\u0103ri viabile \u00een atare cazuri. C\u00e2t de &#8222;dujm\u0103nos&#8221; s\u0103 fii s\u0103 zici: major\u0103ri salariale egal &#8222;crim\u0103 politic\u0103&#8221; sau \u201epoman\u0103 electoral\u0103\u201d, serios, acum?<\/p>\n<p>\u00cen fine! At\u00e2t de du\u015fm\u0103nos, se pare.<\/p>\n<p>Dar s\u0103 te apuci, ca lider al PNL Giurgiu, s\u0103 pleci de la a\u015fa ceva \u015fi s\u0103 treci la enumerarea unor lucruri nef\u0103cute pe plan local- parafrazez: <em>\u015fcoli f\u0103r\u0103 s\u0103li de sport, centre sportive lips\u0103, Casa Tineretului \u00eenc\u0103 neterminat\u0103<\/em>&#8211; mi se pare de noaptea min\u0163ii.<\/p>\n<p>S\u0103-\u0163i axezi discursul electoral pe baza lucrurilor nef\u0103cute- c\u00e2t\u0103 vreme a avut fr\u00e2iele \u201edreapta\u201d pe care o vrei sus, la Guvern \u015fi-n Parlament, \u015fi\u00a0care a fost deja\u00a04 mandate la municipiu \u015fi 2 la jude\u0163, e de Doamne Fere\u015fte! \u015ei s\u0103 mai \u015fi dai vina pe PSD pentru ce nu s-a f\u0103cut, asta e&#8230; fantastic, nu alta!<\/p>\n<p>Acum pe bune, fra\u0163ilor, c\u00e2t de scurt\u0103 crede\u0163i c\u0103 ne este memoria?\u00a0C\u00e2t tupeu s\u0103 ave\u0163i ca s\u0103 ne spune\u0163i, de parc\u0103 a\u0163i aterizat ieri \u00een Giurgiu, c\u0103 n-avem d-alea sau d-alea?<\/p>\n<p>Hai, pe Dan Vlaicu l-a\u015f mai pricepe s\u0103 se \u00eentrebe, c\u0103, &#8222;bietul&#8221;, habar n-are de Giurgiu, dar la dumneavoastr\u0103, admit, aveam preten\u0163ii.\u00a0Noi, giurgiuvenii, noi, to\u0163i cei c\u0103rora ne spune\u0163i c\u0103 s\u0103 v\u0103 vot\u0103m.<\/p>\n<p>Da, sigur, ca s\u0103 ia medicii no\u015ftri \u015fi dasc\u0103lii no\u015ftri( \u015fi nu numai) salarii mai mari c\u00e2nd o vrea PDL-ul!<\/p>\n<p>&nbsp;<\/p>\n<p>&nbsp;<\/p>\n","protected":false},"excerpt":{"rendered":"","protected":false},"author":1,"featured_media":43893,"comment_status":"open","ping_status":"open","sticky":false,"template":"","format":"standard","meta":{"slim_seo":{"title":"OPINIE: Discursu\u2019 ca discursu\u2019, da\u2019 concluzia \u201clocal\u0103\u201d ne omoar\u0103! - GIURGIU NET","description":"Acum, pe bune, nici nu mai conteaz\u0103 dac\u0103-\u0163i iese sau nu. Dac\u0103-i de la centru ordin, ap\u0103i t-apuci, frate, \u015fi bagi, c\u00e2t mai alambicat, justific\u0103ri din top. Nu c\u0103"},"footnotes":""},"categories":[18,20,25],"tags":[599,1004,1573,2025],"class_list":{"0":"post-48750","1":"post","2":"type-post","3":"status-publish","4":"format-standard","5":"has-post-thumbnail","7":"category-actual","8":"category-edit","9":"category-pol","10":"tag-ciolos","11":"tag-dumitru-beianu","12":"tag-lucian-iliescu","13":"tag-pnl"},"_links":{"self":[{"href":"https:\/\/giurgiu-net.ro\/index.php\/wp-json\/wp\/v2\/posts\/48750","targetHints":{"allow":["GET"]}}],"collection":[{"href":"https:\/\/giurgiu-net.ro\/index.php\/wp-json\/wp\/v2\/posts"}],"about":[{"href":"https:\/\/giurgiu-net.ro\/index.php\/wp-json\/wp\/v2\/types\/post"}],"author":[{"embeddable":true,"href":"https:\/\/giurgiu-net.ro\/index.php\/wp-json\/wp\/v2\/users\/1"}],"replies":[{"embeddable":true,"href":"https:\/\/giurgiu-net.ro\/index.php\/wp-json\/wp\/v2\/comments?post=48750"}],"version-history":[{"count":0,"href":"https:\/\/giurgiu-net.ro\/index.php\/wp-json\/wp\/v2\/posts\/48750\/revisions"}],"wp:featuredmedia":[{"embeddable":true,"href":"https:\/\/giurgiu-net.ro\/index.php\/wp-json\/wp\/v2\/media\/43893"}],"wp:attachment":[{"href":"https:\/\/giurgiu-net.ro\/index.php\/wp-json\/wp\/v2\/media?parent=48750"}],"wp:term":[{"taxonomy":"category","embeddable":true,"href":"https:\/\/giurgiu-net.ro\/index.php\/wp-json\/wp\/v2\/categories?post=48750"},{"taxonomy":"post_tag","embeddable":true,"href":"https:\/\/giurgiu-net.ro\/index.php\/wp-json\/wp\/v2\/tags?post=48750"}],"curies":[{"name":"wp","href":"https:\/\/api.w.org\/{rel}","templated":true}]}}