{"id":48722,"date":"2016-11-07T12:19:27","date_gmt":"2016-11-07T10:19:27","guid":{"rendered":"http:\/\/giurgiu-net.ro\/?p=48722"},"modified":"2016-11-07T12:19:27","modified_gmt":"2016-11-07T10:19:27","slug":"povestea-continua-la-salina-gigi-sal-de-data-asta-giurgiuvenii-sunt-invitati-la-o-expozitie-speciala-de-macrameuri","status":"publish","type":"post","link":"https:\/\/giurgiu-net.ro\/index.php\/2016\/11\/07\/povestea-continua-la-salina-gigi-sal-de-data-asta-giurgiuvenii-sunt-invitati-la-o-expozitie-speciala-de-macrameuri\/","title":{"rendered":"Povestea continu\u0103 la Salina Gigi Sal! De data asta, giurgiuvenii sunt invita\u0163i la o expozi\u0163ie special\u0103 de \u201emacrameuri\u201d"},"content":{"rendered":"<p style=\"text-align: center;\"><strong><em>Pur \u015fi simplu \u0163i se face \u201epielea de g\u0103in\u0103\u201d atunci c\u00e2nd privirea se opre\u015fte pe lucruri\u00a0pe care le-ai mai v\u0103zut \u00een copil\u0103rie sau poate chiar mai recent, dar la casa bunicii de la \u0163ar\u0103. Emo\u0163ia ia forma fiec\u0103rui obiect decorativ \u00een parte, obiect ce a adus cu sine, \u00een vremurile noastre, frumuse\u0163ea, simplitatea, truda, parfumul unei alte lumi, chiar enegia omului care l-a creat.<\/em><\/strong><!--more--><\/p>\n<p>Povestea continu\u0103 la Salina Gigi Sal, a\u015fa cum am spus adesea. Multe lucruri frumoase s-au petrecut acolo, cu diverse ocazii sau doar c\u00e2nd cei doi giurgiuveni iubitori de frumos au sim\u0163it c\u0103 vor s\u0103 le arate \u015fi altora lucruri speciale.<\/p>\n<p>Foaierul Salinei a g\u0103zduit, a\u015fa cum este cunoscut, seri de literatur\u0103, \u00eent\u00e2lniri ale celor din Cenaclul Luceaf\u0103rul, activit\u0103\u0163i cu elevii \u00een \u015ecoala Altfel, seri de colinde, expozi\u0163ii. \u015ei, \u00een aceast\u0103 perioad\u0103, acest loc \u00eenc\u0103rcat cu mult\u0103 energie pozitiv\u0103 g\u0103zduie\u015fte din nou o expozi\u0163ie. Una special\u0103, destinat\u0103 nu doar celor mari, ci \u015fi celor mici. Mai ales celor mici, am putea spune, pentru c\u0103 ceea ce se afl\u0103 acolo poate fi ca o lec\u0163ie de r\u0103bdare, despre art\u0103, despre tradi\u0163ie pentru copiii no\u015ftri ame\u0163i\u0163i\u00a0de mirajul lumii virtuale.<\/p>\n<p>Gigica Pept\u0103naru, ajutat\u0103 de so\u0163ul s\u0103u Geo, au deschis o adev\u0103rat\u0103 \u201elad\u0103 de zestre\u201d \u015fi au transformat foaierul Salinei lor \u00eentr-o camer\u0103 plin\u0103 cu pove\u015fti. Unele&#8230; de acum 200 de ani.<\/p>\n<p><strong><img loading=\"lazy\" decoding=\"async\" class=\"aligncenter size-full wp-image-48723\" src=\"https:\/\/giurgiu-net.ro\/wp-content\/uploads\/2016\/11\/DSC_0492.jpg\" alt=\"dsc_0492\" width=\"800\" height=\"530\" \/> <img loading=\"lazy\" decoding=\"async\" class=\"aligncenter size-full wp-image-48724\" src=\"https:\/\/giurgiu-net.ro\/wp-content\/uploads\/2016\/11\/DSC_0493.jpg\" alt=\"dsc_0493\" width=\"800\" height=\"530\" \/> <img loading=\"lazy\" decoding=\"async\" class=\"aligncenter size-full wp-image-48727\" src=\"https:\/\/giurgiu-net.ro\/wp-content\/uploads\/2016\/11\/DSC_0496.jpg\" alt=\"dsc_0496\" width=\"800\" height=\"530\" \/> <img loading=\"lazy\" decoding=\"async\" class=\"aligncenter size-full wp-image-48728\" src=\"https:\/\/giurgiu-net.ro\/wp-content\/uploads\/2016\/11\/DSC_0497.jpg\" alt=\"dsc_0497\" width=\"800\" height=\"530\" \/> <img loading=\"lazy\" decoding=\"async\" class=\"aligncenter size-full wp-image-48729\" src=\"https:\/\/giurgiu-net.ro\/wp-content\/uploads\/2016\/11\/DSC_0498.jpg\" alt=\"dsc_0498\" width=\"800\" height=\"530\" \/> <img loading=\"lazy\" decoding=\"async\" class=\"aligncenter size-full wp-image-48730\" src=\"https:\/\/giurgiu-net.ro\/wp-content\/uploads\/2016\/11\/DSC_0499.jpg\" alt=\"dsc_0499\" width=\"800\" height=\"530\" \/> <img loading=\"lazy\" decoding=\"async\" class=\"aligncenter size-full wp-image-48731\" src=\"https:\/\/giurgiu-net.ro\/wp-content\/uploads\/2016\/11\/DSC_0500.jpg\" alt=\"dsc_0500\" width=\"800\" height=\"530\" \/> <img loading=\"lazy\" decoding=\"async\" class=\"aligncenter size-full wp-image-48734\" src=\"https:\/\/giurgiu-net.ro\/wp-content\/uploads\/2016\/11\/DSC_0503.jpg\" alt=\"dsc_0503\" width=\"800\" height=\"530\" \/><\/strong>Mileuri din macrame, dantele, fe\u0163e de mas\u0103 din a\u0163\u0103 pesc\u0103reasc\u0103, fe\u0163e de mas\u0103 cusute pe etamin\u0103, broderii pe olandin\u0103, laset\u0103, \u0163es\u0103turi din borangic brodate, obiecte de \u00eembr\u0103c\u0103minte\u00a0 cro\u015fetate din macrama, m\u0103tase etc., fe\u0163e de mas\u0103 cusute \u00een punct tradi\u0163ional. Expozi\u0163ia este generoas\u0103.<\/p>\n<p><strong>Gigica Pept\u0103naru: <\/strong><strong>Exponatele sunt lucrate de str\u0103bunicile, bunicile noastre, de mama soacr\u0103 \u015fi de mama, dar \u015fi de mine<\/strong><\/p>\n<p>De ce, totu\u015fi, o expozi\u0163ie de \u201edantele\u201d, acum c\u00e2nd nu se mai poart\u0103, am \u00eentrebat?<\/p>\n<p><img loading=\"lazy\" decoding=\"async\" class=\"aligncenter size-full wp-image-48735\" src=\"https:\/\/giurgiu-net.ro\/wp-content\/uploads\/2016\/11\/DSC_0506.jpg\" alt=\"dsc_0506\" width=\"800\" height=\"530\" \/> <img loading=\"lazy\" decoding=\"async\" class=\"aligncenter size-full wp-image-48736\" src=\"https:\/\/giurgiu-net.ro\/wp-content\/uploads\/2016\/11\/DSC_0507.jpg\" alt=\"dsc_0507\" width=\"800\" height=\"530\" \/> <img loading=\"lazy\" decoding=\"async\" class=\"aligncenter size-full wp-image-48737\" src=\"https:\/\/giurgiu-net.ro\/wp-content\/uploads\/2016\/11\/DSC_0512.jpg\" alt=\"dsc_0512\" width=\"800\" height=\"530\" \/> <img loading=\"lazy\" decoding=\"async\" class=\"aligncenter size-full wp-image-48738\" src=\"https:\/\/giurgiu-net.ro\/wp-content\/uploads\/2016\/11\/DSC_0515.jpg\" alt=\"dsc_0515\" width=\"800\" height=\"530\" \/> <img loading=\"lazy\" decoding=\"async\" class=\"aligncenter size-full wp-image-48739\" src=\"https:\/\/giurgiu-net.ro\/wp-content\/uploads\/2016\/11\/DSC_0516.jpg\" alt=\"dsc_0516\" width=\"800\" height=\"530\" \/> <img loading=\"lazy\" decoding=\"async\" class=\"aligncenter size-full wp-image-48740\" src=\"https:\/\/giurgiu-net.ro\/wp-content\/uploads\/2016\/11\/DSC_0517.jpg\" alt=\"dsc_0517\" width=\"800\" height=\"530\" \/> <img loading=\"lazy\" decoding=\"async\" class=\"aligncenter size-full wp-image-48741\" src=\"https:\/\/giurgiu-net.ro\/wp-content\/uploads\/2016\/11\/DSC_0526.jpg\" alt=\"dsc_0526\" width=\"800\" height=\"530\" \/> <img loading=\"lazy\" decoding=\"async\" class=\"aligncenter size-full wp-image-48742\" src=\"https:\/\/giurgiu-net.ro\/wp-content\/uploads\/2016\/11\/DSC_0527.jpg\" alt=\"dsc_0527\" width=\"800\" height=\"530\" \/><\/p>\n<p><em>\u201eDe vreo 2 ani tot \u00eencerc s\u0103 pun pe tapet o expozi\u0163ie de art\u0103 manual\u0103 tradi\u0163ional\u0103. Am am\u00e2nat de c\u00e2teva ori, g\u00e2ndindu-m\u0103 c\u0103 nu intereseaz\u0103 pe nimeni. Nu am avut simeze, nu am un spa\u0163iu care s\u0103-mi permit\u0103 etalarea lucrurilor, dar am \u00eencropit ceva, am creat ad-hoc un spa\u0163iu propice. Exponatele sunt lucrate de str\u0103bunicile, bunicile noastre, de mama soacr\u0103 \u015fi de mama, dar \u015fi de mine. Unele dintre exponate au dep\u0103\u015fit un veac \u015fi jum\u0103tate. <\/em><\/p>\n<p><em>\u00a0<img loading=\"lazy\" decoding=\"async\" class=\"aligncenter size-full wp-image-48743\" src=\"https:\/\/giurgiu-net.ro\/wp-content\/uploads\/2016\/11\/DSC_0523.jpg\" alt=\"dsc_0523\" width=\"800\" height=\"530\" \/> <img loading=\"lazy\" decoding=\"async\" class=\"aligncenter size-full wp-image-48744\" src=\"https:\/\/giurgiu-net.ro\/wp-content\/uploads\/2016\/11\/DSC_0524.jpg\" alt=\"dsc_0524\" width=\"800\" height=\"530\" \/><\/em><\/p>\n<p><em>Mi-a\u015f dori ca \u015fi tinerele din ziua de azi s\u0103 fac\u0103 acest lucru care \u00ee\u0163i aduce nu numai bucuria unui lucru de art\u0103, dar \u015fi \u00eemplinire \u015fi lini\u015fte sufleteasc\u0103. Ceea ce prezint \u00een aceast\u0103 mic\u0103 expozi\u0163ie din foaierul Gigi Sal reprezint\u0103 rezultatul multor ore de lucru, \u00een diverse momente, sunt lucrate la lumina l\u0103mpii de gaz, la gura sobei, sunt lucrate \u00een pauzele dintre programul de la serviciu \u015fi treaba din gospod\u0103rie, lucrate mai apoi la lumina becului, seara, st\u00e2nd confortabil \u00een scaunul din sufragerie\u201d, <\/em>spune Gigica Pept\u0103naru.<\/p>\n<p>Organizatorul expozi\u0163iei ne-a \u015fi prezentat cele mai valoroase exponate, de\u015fi toate sunt speciale, precum o maram\u0103 de acum 200 de ani, c\u0103m\u0103\u015fi din p\u00e2nz\u0103 de cas\u0103 cusute cu modele tradi\u0163ionale sau prosoape \u0163esute \u00een r\u0103zboi din bumbac, macate cu l\u00e2n\u0103.<\/p>\n<p><img loading=\"lazy\" decoding=\"async\" class=\"aligncenter size-full wp-image-48745\" src=\"https:\/\/giurgiu-net.ro\/wp-content\/uploads\/2016\/11\/DSC_0531.jpg\" alt=\"dsc_0531\" width=\"800\" height=\"530\" \/> <img loading=\"lazy\" decoding=\"async\" class=\"aligncenter size-full wp-image-48746\" src=\"https:\/\/giurgiu-net.ro\/wp-content\/uploads\/2016\/11\/DSC_0533.jpg\" alt=\"dsc_0533\" width=\"800\" height=\"530\" \/> <img loading=\"lazy\" decoding=\"async\" class=\"aligncenter size-full wp-image-48747\" src=\"https:\/\/giurgiu-net.ro\/wp-content\/uploads\/2016\/11\/DSC_0536.jpg\" alt=\"dsc_0536\" width=\"800\" height=\"530\" \/><\/p>\n<p><em>\u201eAbia \u00eemplinisem 7 ani c\u00e2nd bunica din partea tat\u0103lui mi-a pus cro\u015feta \u00een m\u00e2n\u0103 prima dat\u0103. St\u00e2ngaci, am f\u0103cut primul metru de l\u0103n\u0163i\u015for, dar bucuria a fost mare c\u00e2nd bunica m-a \u00eenv\u0103\u0163at s\u0103 fac primele picioru\u015fe simple pe care le uneam cu un l\u0103n\u0163i\u015for din trei puncte. Emo\u0163ionant momentul \u00een care prima roti\u0163\u0103, dar care nu a ie\u015fit rotund\u0103, ci str\u00e2mb\u0103, a fost terminat\u0103. Am primit not\u0103 de \u00eencurajare \u015fi a\u015fa am f\u0103cut primul \u015ferve\u0163el cro\u015fetat. Lucrul cu cro\u015feta \u00eemi aduce o lini\u015fte sufleteasc\u0103, dar \u015fi o satisfac\u0163ie a lucrului terminat. Lucrurile f\u0103cute \u00een cas\u0103 erau trainice \u015fi s\u0103n\u0103toase, fiind realizate din fire naturale\u201d<\/em>, ne-a mai spus Gigica Pept\u0103naru.<\/p>\n<p><img loading=\"lazy\" decoding=\"async\" class=\"aligncenter size-full wp-image-48748\" src=\"https:\/\/giurgiu-net.ro\/wp-content\/uploads\/2016\/11\/DSC_0554.jpg\" alt=\"dsc_0554\" width=\"800\" height=\"530\" \/><\/p>\n<p>A fost, desigur, o real\u0103 pl\u0103cere s\u0103 sim\u0163im mirosul copil\u0103riei, energia bunicilor \u015fi str\u0103bunicilor no\u015ftri, de aceea \u00eei invit\u0103m, la r\u00e2ndul nostru, pe giurgiuveni s\u0103 fac\u0103 acela\u015fi lucru, de luni p\u00e2n\u0103 vineri, \u00eentre orele 09.00 \u015fi 16.00.<\/p>\n<p>Pentru c\u0103, bine\u00een\u0163eles, la Salina Gigi Sal povestea mereu merge mai departe!<\/p>\n<p>C\u0103t\u0103lina Sfetcu<\/p>\n<p>P.S.: Mai multe fotografii, pe pagina de Facebook a Giurgiu Net<\/p>\n<p>&nbsp;<\/p>\n<p>&nbsp;<\/p>\n","protected":false},"excerpt":{"rendered":"<p>Pur \u015fi simplu \u0163i se face \u201epielea de g\u0103in\u0103\u201d atunci c\u00e2nd privirea se opre\u015fte pe lucruri\u00a0pe care le-ai mai v\u0103zut \u00een copil\u0103rie sau poate chiar mai recent, dar la casa bunicii de la \u0163ar\u0103. Emo\u0163ia ia forma fiec\u0103rui obiect decorativ \u00een parte, obiect ce a adus cu sine, \u00een vremurile noastre, frumuse\u0163ea, simplitatea, truda, parfumul [&hellip;]<\/p>\n","protected":false},"author":1,"featured_media":48731,"comment_status":"open","ping_status":"open","sticky":false,"template":"","format":"standard","meta":{"slim_seo":{"title":"Povestea continu\u0103 la Salina Gigi Sal! De data asta, giurgiuvenii sunt invita\u0163i la o expozi\u0163ie special\u0103 de \u201emacrameuri\u201d - GIURGIU NET","description":"Pur \u015fi simplu \u0163i se face \u201epielea de g\u0103in\u0103\u201d atunci c\u00e2nd privirea se opre\u015fte pe lucruri\u00a0pe care le-ai mai v\u0103zut \u00een copil\u0103rie sau poate chiar mai recent, dar la ca"},"footnotes":""},"categories":[18,31,26],"tags":[],"class_list":{"0":"post-48722","1":"post","2":"type-post","3":"status-publish","4":"format-standard","5":"has-post-thumbnail","7":"category-actual","8":"category-mon","9":"category-soc"},"_links":{"self":[{"href":"https:\/\/giurgiu-net.ro\/index.php\/wp-json\/wp\/v2\/posts\/48722","targetHints":{"allow":["GET"]}}],"collection":[{"href":"https:\/\/giurgiu-net.ro\/index.php\/wp-json\/wp\/v2\/posts"}],"about":[{"href":"https:\/\/giurgiu-net.ro\/index.php\/wp-json\/wp\/v2\/types\/post"}],"author":[{"embeddable":true,"href":"https:\/\/giurgiu-net.ro\/index.php\/wp-json\/wp\/v2\/users\/1"}],"replies":[{"embeddable":true,"href":"https:\/\/giurgiu-net.ro\/index.php\/wp-json\/wp\/v2\/comments?post=48722"}],"version-history":[{"count":0,"href":"https:\/\/giurgiu-net.ro\/index.php\/wp-json\/wp\/v2\/posts\/48722\/revisions"}],"wp:featuredmedia":[{"embeddable":true,"href":"https:\/\/giurgiu-net.ro\/index.php\/wp-json\/"}],"wp:attachment":[{"href":"https:\/\/giurgiu-net.ro\/index.php\/wp-json\/wp\/v2\/media?parent=48722"}],"wp:term":[{"taxonomy":"category","embeddable":true,"href":"https:\/\/giurgiu-net.ro\/index.php\/wp-json\/wp\/v2\/categories?post=48722"},{"taxonomy":"post_tag","embeddable":true,"href":"https:\/\/giurgiu-net.ro\/index.php\/wp-json\/wp\/v2\/tags?post=48722"}],"curies":[{"name":"wp","href":"https:\/\/api.w.org\/{rel}","templated":true}]}}