{"id":48601,"date":"2016-10-31T11:08:20","date_gmt":"2016-10-31T09:08:20","guid":{"rendered":"http:\/\/giurgiu-net.ro\/?p=48601"},"modified":"2016-10-31T11:08:20","modified_gmt":"2016-10-31T09:08:20","slug":"judetul-arde-beianu-si-gavrila-se-piaptana-reciproc-si-in-acelasi-timp","status":"publish","type":"post","link":"https:\/\/giurgiu-net.ro\/index.php\/2016\/10\/31\/judetul-arde-beianu-si-gavrila-se-piaptana-reciproc-si-in-acelasi-timp\/","title":{"rendered":"Jude\u0163ul arde, Beianu \u015fi Gavril\u0103 se piapt\u0103n\u0103. Reciproc \u015fi \u00een acela\u015fi timp&#8230;"},"content":{"rendered":"<p>Pache\u0163ele \u00eentregi de \u015ferve\u0163ele nazale pot fi consumate la conferin\u0163ele lor de pres\u0103. Da, serios. Unii- ca s\u0103-\u015fi \u015ftearg\u0103 lacrimile de emo\u0163ie, al\u0163ii- tot lacrimi, dar de la r\u00e2s, \u00een timp ce altora doar le curge nasul pentru c\u0103 sunt r\u0103ci\u0163i.<!--more--><\/p>\n<p>Ce ne-a apucat? P\u0103i, mai &#8222;Alb\u0103 ca Zapada&#8221; dec\u00e2t PNL-i\u015ftii giurgiuveni eu n-am auzit s\u0103 se laude careva c-ar fi.<\/p>\n<p>Cum strig\u0103 ei, la r\u00e2ndul lor cu mucii-n batist\u0103, c\u0103 doar ei sunt neprih\u0103ni\u0163i, cu bunele lor inten\u0163ii, cu \u201edragostea\u201d lor f\u0103r\u0103 margini pentru fiecare am\u0103r\u00e2t \u00een parte, cu co-neuronii lor pu\u015fi \u201eexclusiv pe proiecte\u201d spre binele fiec\u0103rui copil, fiec\u0103rei femei \u015fi fiec\u0103rui b\u0103rbat din municipiul \u015fi jude\u0163ul \u0103sta.<\/p>\n<p>B\u0103i, \u015fi cum sufer\u0103 ei c\u00e2nd nu-i las\u0103 al\u0163ii s\u0103 \u00eenf\u0103ptuiasc\u0103 minunile astea pentru care au avut&#8230; 16 ani la dispozi\u0163ie la municipiu \u015fi 8 la jude\u0163. Dar lor nu le ajunge, frate, \u015fi mai vor acolo ca s\u0103 fac\u0103 \u015fi mai multe \u201eminuni\u201d!<\/p>\n<p>Ca atare, pentru c\u0103 moare de grija fiec\u0103rui am\u0103r\u00e2t din Giurgiu, Beianu merge foarte des, din ce \u00een ce mai des, la&#8230; DRDP Bucure\u015fti. Direc\u0163ia Regional\u0103 de Drumuri \u015fi Poduri Bucure\u015fti adic\u0103telea. \u015ei, cu sufletul plin de problemele cet\u0103\u0163enilor, nemai\u015ftiind cum s\u0103 fac\u0103 s\u0103 le rezolve, \u00eencearc\u0103 s\u0103-\u015fi bage utilajele pe drumurile de care r\u0103spunde DRDP. Cum ce leg\u0103tura are asta cu omu<span lang=\"EN-US\">\u2019 <\/span>de r\u00e2nd? P\u0103i, ce dracului, are! \u00cenflore\u015fte afacerea liberalului, deci avem un giurgiuvean mul\u0163umit? Avem.<\/p>\n<p>\u015ei pentru c\u0103 este cu at\u00e2t mai \u00eengrijorat de soarta concet\u0103\u0163enilor s\u0103i, Beianu mai vrea \u015fi s\u0103 afle nef\u0103cute despre Marian Mina(fost \u015fef la DRDP) ca s\u0103-l dea, de ciud\u0103, p\u0103 presa lui p\u0103 care n-o pl\u0103te\u015fte el, c\u0103 nici m\u0103car nu \u015ftie cine scrie la Informa\u0163ia de Giurgiu.<\/p>\n<p>Evident c\u0103 treaba cu utilajele n-o s\u0103-i ias\u0103, iar despre Mina, ghinion, tovar\u0103\u015fe, numai de bine!<\/p>\n<p>A\u015fa, c\u0103 era \u015fi Gavril\u0103 \u00een titlu. Nu degeaba. Titi Goarn\u0103 n-a fost vreodat\u0103&#8230; degeaba. \u015ei nici acum nu-i vine s\u0103 stea&#8230; degeaba. P\u0103i, degeaba au \u015fi ei Guvern Ciolo\u015f? S\u0103 nu schimbe \u015fi ei pe ici pe colo, prin puncte esen\u0163iale, oameni, ca-n epoca Boc?<\/p>\n<p>Ce ne-a apucat?<\/p>\n<p>P\u0103i, am aflat din interiorul PNL Giurgiu c\u0103 \u00een loc s\u0103 discute treburi importante pentru Giurgiu, cum ar fi proiecte pentru ap\u0103-canal, drumuri, \u015fcoli, spital, treburi care ne ard, nu glum\u0103, liberalii pdl-i\u015fti zbiar\u0103 c\u0103 vor \u015fef la Agen\u0163ia de Control \u015fi \u00cencasare Giurgiu. A\u0163i ghicit pe cine?<\/p>\n<p>Titi. Cu goarna lui cea mare. \u015ei cu zestre. C\u0103 am auzit c\u0103 ar fi fugit cu c\u00e2teva obiecte de mobilier din Consiliul Jude\u0163ean Giurgiu.<\/p>\n<p>Cic\u0103, pe alocuri, a\u015fa s-ar fi auzit \u00eentr-o \u015fedin\u0163\u0103 recent\u0103 a PNL Giurgiu:<\/p>\n<p>-B\u0103\u0103\u0103\u0103, s\u0103-l da\u0163i jos pe Bogdan Bratu, c\u0103 eu nu mai sunt vice \u015fi m\u0103 plictisesc! Vreau s\u0103 m\u0103 face\u0163i \u015fef la ACI, \u00een Vam\u0103, dac\u0103 vre\u0163i s\u0103 mai \u00eenregistrez&#8230; mesajele de pe caravan\u0103!<\/p>\n<p>N-am pus ghilimele c\u0103 sigur nu vorbe\u015fte la fel de bine precum am scris noi!<\/p>\n<p>\u00cen fine, ca s\u0103 n-o mai lungim, c\u0103 a\u0163i prins ideea: iat\u0103, giurgiuveni, cam ce preocup\u0103ri au PNL-i\u015ftii, ace\u015fti neprih\u0103ni\u0163i, Galbeni ca Z\u0103pada, plini de proiecte \u015fi de idei bune, \u00een timp ce mai c\u0103 v\u0103 cad \u00een genunchi, \u00een campaniile electorale, ca s\u0103-i vota\u0163i.<\/p>\n<p>Au idei \u015fi proiecte, indubitabil, numa\u2019 c\u0103 doar pentru ei \u00een\u015fi\u015fi.<\/p>\n<p>Maleficent<\/p>\n<p>Foto: Facebook,<\/p>\n","protected":false},"excerpt":{"rendered":"<p>Pache\u0163ele \u00eentregi de \u015ferve\u0163ele nazale pot fi consumate la conferin\u0163ele lor de pres\u0103. Da, serios. Unii- ca s\u0103-\u015fi \u015ftearg\u0103 lacrimile de emo\u0163ie, al\u0163ii- tot lacrimi, dar de la r\u00e2s, \u00een timp ce altora doar le curge nasul pentru c\u0103 sunt r\u0103ci\u0163i.<\/p>\n","protected":false},"author":1,"featured_media":48602,"comment_status":"open","ping_status":"open","sticky":false,"template":"","format":"standard","meta":{"slim_seo":{"title":"Jude\u0163ul arde, Beianu \u015fi Gavril\u0103 se piapt\u0103n\u0103. Reciproc \u015fi \u00een acela\u015fi timp... - GIURGIU NET","description":"Pache\u0163ele \u00eentregi de \u015ferve\u0163ele nazale pot fi consumate la conferin\u0163ele lor de pres\u0103. Da, serios. Unii- ca s\u0103-\u015fi \u015ftearg\u0103 lacrimile de emo\u0163ie, al\u0163ii- tot lacrimi,"},"footnotes":""},"categories":[18,20,23,25],"tags":[606,970,1004,1006],"class_list":{"0":"post-48601","1":"post","2":"type-post","3":"status-publish","4":"format-standard","5":"has-post-thumbnail","7":"category-actual","8":"category-edit","9":"category-pam","10":"category-pol","11":"tag-cj-giurgiu","12":"tag-drdp-bucuresti","13":"tag-dumitru-beianu","14":"tag-dumitru-gavrila"},"_links":{"self":[{"href":"https:\/\/giurgiu-net.ro\/index.php\/wp-json\/wp\/v2\/posts\/48601","targetHints":{"allow":["GET"]}}],"collection":[{"href":"https:\/\/giurgiu-net.ro\/index.php\/wp-json\/wp\/v2\/posts"}],"about":[{"href":"https:\/\/giurgiu-net.ro\/index.php\/wp-json\/wp\/v2\/types\/post"}],"author":[{"embeddable":true,"href":"https:\/\/giurgiu-net.ro\/index.php\/wp-json\/wp\/v2\/users\/1"}],"replies":[{"embeddable":true,"href":"https:\/\/giurgiu-net.ro\/index.php\/wp-json\/wp\/v2\/comments?post=48601"}],"version-history":[{"count":0,"href":"https:\/\/giurgiu-net.ro\/index.php\/wp-json\/wp\/v2\/posts\/48601\/revisions"}],"wp:featuredmedia":[{"embeddable":true,"href":"https:\/\/giurgiu-net.ro\/index.php\/wp-json\/"}],"wp:attachment":[{"href":"https:\/\/giurgiu-net.ro\/index.php\/wp-json\/wp\/v2\/media?parent=48601"}],"wp:term":[{"taxonomy":"category","embeddable":true,"href":"https:\/\/giurgiu-net.ro\/index.php\/wp-json\/wp\/v2\/categories?post=48601"},{"taxonomy":"post_tag","embeddable":true,"href":"https:\/\/giurgiu-net.ro\/index.php\/wp-json\/wp\/v2\/tags?post=48601"}],"curies":[{"name":"wp","href":"https:\/\/api.w.org\/{rel}","templated":true}]}}