{"id":48394,"date":"2016-10-14T14:00:23","date_gmt":"2016-10-14T11:00:23","guid":{"rendered":"http:\/\/giurgiu-net.ro\/?p=48394"},"modified":"2016-10-14T14:00:23","modified_gmt":"2016-10-14T11:00:23","slug":"hai-in-tsd-giurgiu-interviu-cu-liderul-dragos-udvuleanu","status":"publish","type":"post","link":"https:\/\/giurgiu-net.ro\/index.php\/2016\/10\/14\/hai-in-tsd-giurgiu-interviu-cu-liderul-dragos-udvuleanu\/","title":{"rendered":"\u201eHai \u00een TSD Giurgiu!\u201d- interviu cu liderul Drago\u015f Udvuleanu"},"content":{"rendered":"<p><em>Tineretul Social-Democrat Giurgiu va desf\u0103\u015fura s\u00e2mb\u0103t\u0103, 15 octombrie, o activitate special\u0103, denumit\u0103 \u201eHai \u00een TSD Giurgiu\u201d. Astfel, tinerii care doresc s\u0103 se implice \u00een via\u0163a socio-politic\u0103 a municipiului \u015fi jude\u0163ului Giurgiu sunt a\u015ftepta\u0163i la sediul PSD de pe Pietonala \u201eMircea cel B\u0103tr\u00e2n\u201d, \u00eencep\u00e2nd cu ora 11.30.<\/em><!--more--><\/p>\n<p><strong>Reporter: De ce crede\u0163i c\u0103 tinerii ar trebui s\u0103 participe la acest eveniment sau, mai degrab\u0103, de ce crede\u0163i c\u0103 ar trebui s\u0103 vin\u0103 \u00eentr-un partid politic precum PSD?<\/strong><\/p>\n<p><strong>Drago\u015f Udvuleanu<\/strong>: \u00cen primul r\u00e2nd, ar trebui s\u0103 participe la acest eveniment deoarece sunt foarte sigur c\u0103 st\u0103 \u00een puterea genera\u0163iei noastre, a genera\u0163iei tinere s\u0103 \u00eencerc\u0103m s\u0103 ne construim viitorul pe care ni-l dorim, dar pentru asta trebuie s\u0103 fim mai optimi\u015fti, s\u0103 fim mai deschi\u015fi c\u0103tre binele care deja ne \u00eenconjoar\u0103. Sunt convins c\u0103 \u015fi ei \u00ee\u015fi doresc schimb\u0103ri \u00een bine \u015fi un trai mai bun. \u015ei ei \u00ee\u015fi doresc \u015fanse egale pentru c\u00e2t mai mul\u0163i. Trebuie s\u0103 ne \u00eenc\u0103p\u0103\u021b\u00e2n\u0103m s\u0103 vedem c\u0103 \u0219i in Rom\u00e2nia se poate. Se pot \u00eentampla multe lucruri bune. \u00a0<img loading=\"lazy\" decoding=\"async\" class=\"aligncenter size-full wp-image-45700\" src=\"https:\/\/giurgiu-net.ro\/wp-content\/uploads\/2016\/05\/udvuleanu-5.jpg\" alt=\"udvuleanu 5\" width=\"526\" height=\"394\" \/><\/p>\n<p><strong>\u00a0R: Cum crede\u0163i c\u0103 vor reac\u0163iona tinerii la aceast\u0103 invita\u0163ie de a-i atrage \u00een echipa dumneavoastr\u0103?<\/strong><\/p>\n<p><strong>Drago\u015f Udvuleanu<\/strong>: Cred c\u0103 tinerii vor aprecia aceast\u0103 ini\u0163iativ\u0103 de a ne deschide por\u0163ile c\u0103tre ei. Suntem o structur\u0103 de tineret \u015fi trebuie s\u0103 ne aplec\u0103m urechea mereu c\u0103tre necesit\u0103\u0163ile tinerilor.<\/p>\n<p><strong>R: Crede\u0163i c\u0103 tinerii pot dob\u00e2ndi puterea \u00een noua clas\u0103 politic\u0103 pe care o dori\u0163i?<\/strong><\/p>\n<p><strong>Drago\u015f Udvuleanu<\/strong>: Puterea tinerilor a fost mereu observat\u0103 atunci c\u00e2nd ace\u015ftia au fost uni\u0163i \u015fi implica\u0163i. A\u0163i v\u0103zut \u015fi care a fost puterea TSD \u00een interiorul partidului atunci c\u00e2nd organiza\u0163ia a fost unit\u0103. S\u0103 nu uit\u0103m c\u0103 TSD a dat un premier, mai mul\u0163i mini\u015ftri \u015fi mul\u0163i pre\u015fedin\u0163i de organiza\u0163ii PSD.<\/p>\n<p><strong>R: \u00cen urm\u0103 cu un an, tinerii au reu\u015fit aproape s\u0103 d\u0103r\u00e2me un guvern. Ce p\u0103rere ave\u0163i despre aceasta?<\/strong><\/p>\n<p><strong>Drago\u015f Udvuleanu<\/strong>: Cred c\u0103 to\u0163i ne dorim mai mult\u0103 transparen\u0163\u0103, comunicare \u015fi o administra\u0163ie mai bun\u0103. Cu to\u0163ii ne dorim o schimbare \u00een politica din Rom\u00e2nia. Cred c\u0103 aici s-a observat clar puterea tinerilor. \u00cens\u0103, lucrurile nu cred c\u0103 se pot rezolva astfel. Sunt de acord cu to\u0163i ace\u015fti tineri, dar ar trebui s\u0103 vin\u0103, s\u0103 se implice \u00een via\u0163a politic\u0103 prin prisma partidelor politice(oricare ar fi acestea). Este mult mai u\u015for s\u0103 schimbi din interior dec\u00e2t din exterior.<\/p>\n<p><strong>R: De ce Partidul Social Democrat ?<\/strong><\/p>\n<p><strong>Drago\u015f Udvuleanu<\/strong>: Cred c\u0103 op\u0163iunea aceasta pleac\u0103 din realitatea \u00een care tr\u0103im. \u00cen Rom\u00e2nia de ast\u0103zi, nu po\u0163i r\u0103m\u00e2ne insensibil la suferin\u0163a oamenilor. Social-democra\u0163ia este un r\u0103spuns clar la problemele de ast\u0103zi ale rom\u00e2nilor. \u00cen \u00eencheiere, vreau s\u0103 spun c\u0103 a\u015ftept\u0103m to\u0163i tinerii, cu v\u00e2rsta de p\u00e2n\u0103 \u00een 35 de ani, s\u0103 se al\u0103ture echipei TSD Giurgiu. M\u00e2ine, \u00eencep\u00e2nd cu ora 11.30, la sediul PSD din strada Mircea cel B\u0103tr\u00e2n. A sosit momentul \u00een care to\u0163i trebuie s\u0103 ne implic\u0103m! V\u0103 a\u015ftept\u0103m!<\/p>\n<p>Redactia<\/p>\n","protected":false},"excerpt":{"rendered":"<p>Tineretul Social-Democrat Giurgiu va desf\u0103\u015fura s\u00e2mb\u0103t\u0103, 15 octombrie, o activitate special\u0103, denumit\u0103 \u201eHai \u00een TSD Giurgiu\u201d. Astfel, tinerii care doresc s\u0103 se implice \u00een via\u0163a socio-politic\u0103 a municipiului \u015fi jude\u0163ului Giurgiu sunt a\u015ftepta\u0163i la sediul PSD de pe Pietonala \u201eMircea cel B\u0103tr\u00e2n\u201d, \u00eencep\u00e2nd cu ora 11.30.<\/p>\n","protected":false},"author":1,"featured_media":44658,"comment_status":"open","ping_status":"open","sticky":false,"template":"","format":"standard","meta":{"slim_seo":{"title":"\u201eHai \u00een TSD Giurgiu!\u201d- interviu cu liderul Drago\u015f Udvuleanu - GIURGIU NET","description":"Tineretul Social-Democrat Giurgiu va desf\u0103\u015fura s\u00e2mb\u0103t\u0103, 15 octombrie, o activitate special\u0103, denumit\u0103 \u201eHai \u00een TSD Giurgiu\u201d. Astfel, tinerii care doresc s\u0103 se im"},"footnotes":""},"categories":[18,25,26],"tags":[965,2665],"class_list":["post-48394","post","type-post","status-publish","format-standard","has-post-thumbnail","category-actual","category-pol","category-soc","tag-dragos-udvuleanu","tag-tsd"],"_links":{"self":[{"href":"https:\/\/giurgiu-net.ro\/index.php\/wp-json\/wp\/v2\/posts\/48394","targetHints":{"allow":["GET"]}}],"collection":[{"href":"https:\/\/giurgiu-net.ro\/index.php\/wp-json\/wp\/v2\/posts"}],"about":[{"href":"https:\/\/giurgiu-net.ro\/index.php\/wp-json\/wp\/v2\/types\/post"}],"author":[{"embeddable":true,"href":"https:\/\/giurgiu-net.ro\/index.php\/wp-json\/wp\/v2\/users\/1"}],"replies":[{"embeddable":true,"href":"https:\/\/giurgiu-net.ro\/index.php\/wp-json\/wp\/v2\/comments?post=48394"}],"version-history":[{"count":0,"href":"https:\/\/giurgiu-net.ro\/index.php\/wp-json\/wp\/v2\/posts\/48394\/revisions"}],"wp:featuredmedia":[{"embeddable":true,"href":"https:\/\/giurgiu-net.ro\/index.php\/wp-json\/wp\/v2\/media\/44658"}],"wp:attachment":[{"href":"https:\/\/giurgiu-net.ro\/index.php\/wp-json\/wp\/v2\/media?parent=48394"}],"wp:term":[{"taxonomy":"category","embeddable":true,"href":"https:\/\/giurgiu-net.ro\/index.php\/wp-json\/wp\/v2\/categories?post=48394"},{"taxonomy":"post_tag","embeddable":true,"href":"https:\/\/giurgiu-net.ro\/index.php\/wp-json\/wp\/v2\/tags?post=48394"}],"curies":[{"name":"wp","href":"https:\/\/api.w.org\/{rel}","templated":true}]}}