{"id":47916,"date":"2016-09-23T12:41:57","date_gmt":"2016-09-23T09:41:57","guid":{"rendered":"http:\/\/giurgiu-net.ro\/?p=47916"},"modified":"2016-09-23T12:41:57","modified_gmt":"2016-09-23T09:41:57","slug":"lectie-de-educatie-rutiera-pentru-prichindeii-giurgiuveni","status":"publish","type":"post","link":"https:\/\/giurgiu-net.ro\/index.php\/2016\/09\/23\/lectie-de-educatie-rutiera-pentru-prichindeii-giurgiuveni\/","title":{"rendered":"Lec\u0163ie de educa\u0163ie rutier\u0103 pentru prichindeii giurgiuveni"},"content":{"rendered":"<p><!--more-->Copiii, cu v\u00e2rste \u00eentre 4 \u015fi 10 ani, sunt a\u015ftepta\u0163i, s\u00e2mb\u0103t\u0103, 24 septembrie, de la ora 11, \u00een parcarea Lidl din municipiu. Acolo, ei vor participa la o lec\u021bie interactiv\u0103 de circula\u021bie rutier\u0103, sus\u021binut\u0103 de poli\u021bi\u0219ti.<\/p>\n<p>Oamenii legii anun\u0163\u0103 c\u0103 prima parte a lec\u021biei de educa\u021bie rutier\u0103 va fi reprezentat\u0103 de sec\u021biunea teoretic\u0103. Astfel, cei mici vor afla toate informa\u021biile despre semnele de circula\u021bie, ce \u00eenseamn\u0103 fiecare, dar \u0219i c\u00e2t de important este s\u0103 fie aten\u021bi la trafic.<\/p>\n<p><em>\u201cCea de-a doua parte va cuprinde o sesiune interactiv\u0103, unde copiii vor fi invita\u021bi s\u0103 aplice cuno\u0219tin\u021bele proasp\u0103t dob\u00e2ndite, printr-un joc de circula\u021bie rutier\u0103 \u00een cadrul unui or\u0103\u0219el miniatural. La final, to\u021bi participan\u021bii vor fi r\u0103spl\u0103ti\u021bi cu premii\u201d<\/em>, este men\u0163ionat \u00eentr-un comunicat al celor de la Poli\u0163ia Giurgiu.<\/p>\n<p>Surs\u0103 foto: www.evz.ro<\/p>\n","protected":false},"excerpt":{"rendered":"","protected":false},"author":1,"featured_media":47917,"comment_status":"open","ping_status":"open","sticky":false,"template":"","format":"standard","meta":{"slim_seo":{"title":"Lec\u0163ie de educa\u0163ie rutier\u0103 pentru prichindeii giurgiuveni - GIURGIU NET","description":"Copiii, cu v\u00e2rste \u00eentre 4 \u015fi 10 ani, sunt a\u015ftepta\u0163i, s\u00e2mb\u0103t\u0103, 24 septembrie, de la ora 11, \u00een parcarea Lidl din municipiu. Acolo, ei vor participa la o lec\u021bie i"},"footnotes":""},"categories":[18,29,26],"tags":[2062,2741],"class_list":["post-47916","post","type-post","status-publish","format-standard","has-post-thumbnail","category-actual","category-educatie-si-cultura","category-soc","tag-politia-rutiera-giurgiu","tag-verde-la-educatie"],"_links":{"self":[{"href":"https:\/\/giurgiu-net.ro\/index.php\/wp-json\/wp\/v2\/posts\/47916","targetHints":{"allow":["GET"]}}],"collection":[{"href":"https:\/\/giurgiu-net.ro\/index.php\/wp-json\/wp\/v2\/posts"}],"about":[{"href":"https:\/\/giurgiu-net.ro\/index.php\/wp-json\/wp\/v2\/types\/post"}],"author":[{"embeddable":true,"href":"https:\/\/giurgiu-net.ro\/index.php\/wp-json\/wp\/v2\/users\/1"}],"replies":[{"embeddable":true,"href":"https:\/\/giurgiu-net.ro\/index.php\/wp-json\/wp\/v2\/comments?post=47916"}],"version-history":[{"count":0,"href":"https:\/\/giurgiu-net.ro\/index.php\/wp-json\/wp\/v2\/posts\/47916\/revisions"}],"wp:attachment":[{"href":"https:\/\/giurgiu-net.ro\/index.php\/wp-json\/wp\/v2\/media?parent=47916"}],"wp:term":[{"taxonomy":"category","embeddable":true,"href":"https:\/\/giurgiu-net.ro\/index.php\/wp-json\/wp\/v2\/categories?post=47916"},{"taxonomy":"post_tag","embeddable":true,"href":"https:\/\/giurgiu-net.ro\/index.php\/wp-json\/wp\/v2\/tags?post=47916"}],"curies":[{"name":"wp","href":"https:\/\/api.w.org\/{rel}","templated":true}]}}