{"id":47891,"date":"2016-09-22T13:33:18","date_gmt":"2016-09-22T10:33:18","guid":{"rendered":"http:\/\/giurgiu-net.ro\/?p=47891"},"modified":"2016-09-22T13:33:18","modified_gmt":"2016-09-22T10:33:18","slug":"opinie-ba-e-vlaicu-ba-i-beianu-ba-stefan-ba-i-stanisteanu-da-ce-zice-giurgiuveanu","status":"publish","type":"post","link":"https:\/\/giurgiu-net.ro\/index.php\/2016\/09\/22\/opinie-ba-e-vlaicu-ba-i-beianu-ba-stefan-ba-i-stanisteanu-da-ce-zice-giurgiuveanu\/","title":{"rendered":"OPINIE: Ba e Vlaicu, ba-i Beianu, ba \u015etefan, ba-i St\u0103ni\u015fteanu. Da\u2019 ce zice giurgiuveanu\u2019?"},"content":{"rendered":"<p>La alegerile locale, devenise viral pe Facebook un titlu al celor de la Times New Roman, ce era fix a\u015fa: \u201c<a href=\"https:\/\/www.timesnewroman.ro\/politic\/un-roman-ingrijorat-a-sunat-la-sediul-pnl-sunteti-ok-n-ati-anuntat-niciun-candidat-nou-de-2-zile\">Un rom\u00e2n \u00eengrijorat a sunat la sediul PNL: \u201dSunte\u021bi ok? N-a\u021bi anun\u021bat niciun candidat nou de 2 zile\u201d<\/a>.<!--more--><\/p>\n<p>Genial!<\/p>\n<p>Dac\u0103 nu exista, titlul acesta ar fi trebuit inventat pentru PNL Giurgiu, exact acum, \u00eenainte de alegerile parlamentare.<\/p>\n<p><em>Cum s-ar zice: ba e Vlaicu, ba-i Beianu, ba \u015etefan, ba-i St\u0103ni\u015fteanu. Stai c\u0103 vine \u015fi Chiran, deci M\u0103roiu-i\u2026 barosan. <\/em><\/p>\n<p>Simt nevoia s\u0103 fiu sincer\u0103 cu dumneavoastr\u0103 \u015fi s\u0103 v\u0103 m\u0103rturisesc faptul c\u0103 n-am \u00een\u0163eles:\u00a0care-s candida\u0163ii PNL Giurgiu pentru scrutinul din 11 decembrie? E, l\u0103sa\u0163i, sunt convins\u0103 c\u0103 nici ei n-au \u00een\u0163eles.<\/p>\n<p>P\u0103i, uite, cu vreo dou\u0103 s\u0103pt\u0103m\u00e2ni \u00een urm\u0103, la o \u015fedin\u0163\u0103 cic\u0103 plin\u0103 cu (s\u00e2c!) poale-n cap \u015fi palme-n br\u00e2u, cu votul majorit\u0103\u0163ii pro-\u015etefan, anti-Beianu, peneli\u015ftii stabiliser\u0103 care cred ei c\u0103-s \u0103i mai merituo\u015fi membri PNL Giurgiu pentru a-i reprezenta pe giurgiuveni \u00een Parlamentul Rom\u00e2niei. Ce, parc\u0103 mai conteaz\u0103 c\u0103 cei mai mul\u0163i, la alegerile din var\u0103, defilau cu steagu\u2019 altor partide!<\/p>\n<p><em>\u00a0<\/em><em>Decalogul nu se pune, c\u0103 doar nu era pe bune. <\/em><\/p>\n<p><em>\u015ei\u00a0pentru c\u0103\u00a0localele au trecut, s\u0103 d\u0103m integritatea pe mut.<\/em><\/p>\n<p>Citesc la colegii de la Opinia Giurgiuveanului c\u0103, \u00eentru ame\u0163irea \u015fi preatulburarea electoratului, PNL-i\u015ftii s-au sucit\u0103r\u0103(\u015fi g\u00e2turile reciproc, dac-ar putea, \u00een\u0163eleg). Cic\u0103, de fapt, ar r\u0103m\u00e2ne-n cap de s\u0103geat\u0103 pentru Senat bucure\u015fteanul absolut necunoscut \u00een Giurgiu Dan Vlaicu- sus\u0163inut de Beianu, dar (re)negat de majoritatea din Biroul Politic Jude\u0163ean.<\/p>\n<p>C-a\u015fa-i \u00een democra\u0163ia \u00een\u0163eleas\u0103, se pare, de \u2018mnealor: \u015fi ce dac\u0103 majoritatea cere ceva, tu te duci la Alinu\u0163a, faci buzi\u0163a sup\u0103rat\u0103, zici c\u0103, nu \u015ftiu, candida\u0163ii propu\u015fi de Gigi \u015etefan ar fi ni\u015fte, cum s\u0103 le zic, \u00eencepe cu \u201el\u201d \u015fi se termin\u0103 cu \u201ee\u201d?!, \u015fi gata!<\/p>\n<p>Moaaaa, abia a\u015ftept viitoarea mutare a \u201especialistului cu expertiz\u0103\u201d \u015etefan, secondat de preferatul tuturor giurgiuvenilor Marin Anton- \u015fef de campanie pentru PNL Giurgiu!<\/p>\n<p>&#8230; for\u0163a fie cu voi, \u201ecavaleri Jedi\u201d, \u00een cele 79 de zile p\u00e2n\u0103 c\u00e2nd giurgiuvenii vor spune din nou ce p\u0103rere au ei despre asemenea \u201eopturi\u201d politice.<\/p>\n<p>&nbsp;<\/p>\n","protected":false},"excerpt":{"rendered":"<p>La alegerile locale, devenise viral pe Facebook un titlu al celor de la Times New Roman, ce era fix a\u015fa: \u201cUn rom\u00e2n \u00eengrijorat a sunat la sediul PNL: \u201dSunte\u021bi ok? N-a\u021bi anun\u021bat niciun candidat nou de 2 zile\u201d.<\/p>\n","protected":false},"author":1,"featured_media":43893,"comment_status":"open","ping_status":"open","sticky":false,"template":"","format":"standard","meta":{"slim_seo":{"title":"OPINIE: Ba e Vlaicu, ba-i Beianu, ba \u015etefan, ba-i St\u0103ni\u015fteanu. Da\u2019 ce zice giurgiuveanu\u2019? - GIURGIU NET","description":"La alegerile locale, devenise viral pe Facebook un titlu al celor de la Times New Roman, ce era fix a\u015fa: \u201c Un rom\u00e2n \u00eengrijorat a sunat la sediul PNL: \u201dSunte\u021bi o"},"footnotes":""},"categories":[18,20,25,28],"tags":[163,1004,1236,1634,2027],"class_list":["post-47891","post","type-post","status-publish","format-standard","has-post-thumbnail","category-actual","category-edit","category-pol","category-uo","tag-alegeri-parlamentare","tag-dumitru-beianu","tag-gigi-stefan","tag-marin-anton","tag-pnl-giurgiu"],"_links":{"self":[{"href":"https:\/\/giurgiu-net.ro\/index.php\/wp-json\/wp\/v2\/posts\/47891","targetHints":{"allow":["GET"]}}],"collection":[{"href":"https:\/\/giurgiu-net.ro\/index.php\/wp-json\/wp\/v2\/posts"}],"about":[{"href":"https:\/\/giurgiu-net.ro\/index.php\/wp-json\/wp\/v2\/types\/post"}],"author":[{"embeddable":true,"href":"https:\/\/giurgiu-net.ro\/index.php\/wp-json\/wp\/v2\/users\/1"}],"replies":[{"embeddable":true,"href":"https:\/\/giurgiu-net.ro\/index.php\/wp-json\/wp\/v2\/comments?post=47891"}],"version-history":[{"count":0,"href":"https:\/\/giurgiu-net.ro\/index.php\/wp-json\/wp\/v2\/posts\/47891\/revisions"}],"wp:featuredmedia":[{"embeddable":true,"href":"https:\/\/giurgiu-net.ro\/index.php\/wp-json\/wp\/v2\/media\/43893"}],"wp:attachment":[{"href":"https:\/\/giurgiu-net.ro\/index.php\/wp-json\/wp\/v2\/media?parent=47891"}],"wp:term":[{"taxonomy":"category","embeddable":true,"href":"https:\/\/giurgiu-net.ro\/index.php\/wp-json\/wp\/v2\/categories?post=47891"},{"taxonomy":"post_tag","embeddable":true,"href":"https:\/\/giurgiu-net.ro\/index.php\/wp-json\/wp\/v2\/tags?post=47891"}],"curies":[{"name":"wp","href":"https:\/\/api.w.org\/{rel}","templated":true}]}}