{"id":47845,"date":"2016-09-20T10:37:54","date_gmt":"2016-09-20T07:37:54","guid":{"rendered":"http:\/\/giurgiu-net.ro\/?p=47845"},"modified":"2016-09-20T10:37:54","modified_gmt":"2016-09-20T07:37:54","slug":"psd-giurgiu-la-multi-ani-celui-mai-bun-premier-al-romaniei-post-decembriste","status":"publish","type":"post","link":"https:\/\/giurgiu-net.ro\/index.php\/2016\/09\/20\/psd-giurgiu-la-multi-ani-celui-mai-bun-premier-al-romaniei-post-decembriste\/","title":{"rendered":"PSD Giurgiu: La Mul\u0163i Ani celui mai bun premier al Rom\u00e2niei post-decembriste!"},"content":{"rendered":"<p><!--more--><\/p>\n<p><span style=\"text-decoration: underline;\"><em>&#8222;Organiza\u021bia jude\u021bean\u0103 a Partidului Social Democrat \u00eei ureaz\u0103 ast\u0103zi lui VICTOR PONTA, cel mai bun premier pe care l-a avut Rom\u00e2nia post-decembrist\u0103, ca \u0219i de acum \u00eenainte s\u0103 aib\u0103 aceea\u0219i putere de munc\u0103, s\u0103 r\u0103m\u00e2n\u0103 ferm pe pozi\u021bie \u00een ceea ce prive\u0219te via\u021ba rom\u00e2nilor, s\u0103 poat\u0103 demonstra, al\u0103turi de PSD, \u00a0c\u0103 valorile social-democra\u021biei sunt valorile care pot duce la un nivel de trai mai bun al oamenilor de r\u00e2nd, s\u0103 r\u0103m\u00e2n\u0103 acela\u0219i bun prieten al social-democra\u021bilor giurgiuveni!&#8221;<\/em><\/span><\/p>\n<p>PSD Giurgiu<\/p>\n","protected":false},"excerpt":{"rendered":"","protected":false},"author":1,"featured_media":36712,"comment_status":"open","ping_status":"open","sticky":false,"template":"","format":"standard","meta":{"slim_seo":{"title":"PSD Giurgiu: La Mul\u0163i Ani celui mai bun premier al Rom\u00e2niei post-decembriste! - GIURGIU NET","description":"\"Organiza\u021bia jude\u021bean\u0103 a Partidului Social Democrat \u00eei ureaz\u0103 ast\u0103zi lui VICTOR PONTA, cel mai bun premier pe care l-a avut Rom\u00e2nia post-decembrist\u0103, ca \u0219i de a"},"footnotes":""},"categories":[18,25,26],"tags":[1839,2256,2747],"class_list":["post-47845","post","type-post","status-publish","format-standard","has-post-thumbnail","category-actual","category-pol","category-soc","tag-niculae-badalau","tag-psd-giurgiu","tag-victor-ponta"],"_links":{"self":[{"href":"https:\/\/giurgiu-net.ro\/index.php\/wp-json\/wp\/v2\/posts\/47845","targetHints":{"allow":["GET"]}}],"collection":[{"href":"https:\/\/giurgiu-net.ro\/index.php\/wp-json\/wp\/v2\/posts"}],"about":[{"href":"https:\/\/giurgiu-net.ro\/index.php\/wp-json\/wp\/v2\/types\/post"}],"author":[{"embeddable":true,"href":"https:\/\/giurgiu-net.ro\/index.php\/wp-json\/wp\/v2\/users\/1"}],"replies":[{"embeddable":true,"href":"https:\/\/giurgiu-net.ro\/index.php\/wp-json\/wp\/v2\/comments?post=47845"}],"version-history":[{"count":0,"href":"https:\/\/giurgiu-net.ro\/index.php\/wp-json\/wp\/v2\/posts\/47845\/revisions"}],"wp:featuredmedia":[{"embeddable":true,"href":"https:\/\/giurgiu-net.ro\/index.php\/wp-json\/wp\/v2\/media\/36712"}],"wp:attachment":[{"href":"https:\/\/giurgiu-net.ro\/index.php\/wp-json\/wp\/v2\/media?parent=47845"}],"wp:term":[{"taxonomy":"category","embeddable":true,"href":"https:\/\/giurgiu-net.ro\/index.php\/wp-json\/wp\/v2\/categories?post=47845"},{"taxonomy":"post_tag","embeddable":true,"href":"https:\/\/giurgiu-net.ro\/index.php\/wp-json\/wp\/v2\/tags?post=47845"}],"curies":[{"name":"wp","href":"https:\/\/api.w.org\/{rel}","templated":true}]}}