{"id":47717,"date":"2016-09-14T13:33:45","date_gmt":"2016-09-14T10:33:45","guid":{"rendered":"http:\/\/giurgiu-net.ro\/?p=47717"},"modified":"2016-09-14T13:33:45","modified_gmt":"2016-09-14T10:33:45","slug":"legea-rca-a-trecut-de-senat-ce-spune-liderul-psd-giurgiu-despre-actul-normativ","status":"publish","type":"post","link":"https:\/\/giurgiu-net.ro\/index.php\/2016\/09\/14\/legea-rca-a-trecut-de-senat-ce-spune-liderul-psd-giurgiu-despre-actul-normativ\/","title":{"rendered":"Legea RCA a trecut de Senat! Ce spune liderul PSD Giurgiu despre actul normativ?"},"content":{"rendered":"<p>Pre\u015fedintele PSD Giurgiu, senatorul Niculae B\u0103d\u0103l\u0103u, a postat, \u00een urm\u0103 cu c\u00e2teva momente, pe pagina sa de Facebook, un mesaj dup\u0103 ce Senatul a adoptat \u201clegea RCA\u201d.<!--more--><\/p>\n<p><em><img loading=\"lazy\" decoding=\"async\" class=\"aligncenter size-full wp-image-47719\" src=\"https:\/\/giurgiu-net.ro\/wp-content\/uploads\/2016\/09\/rca.jpg\" alt=\"rca\" width=\"526\" height=\"394\" \/>\u201cSocial-democra\u0163ii \u015fi-au \u0163inut promisiunea \u00een fa\u0163a rom\u00e2nilor \u015fi au elaborat \u015fi votat o Lege care vine \u00een sprijinul milioanelor de asigura\u0163i auto din Rom\u00e2nia! Social-democra\u0163ii, ini\u0163iatori ai acestei Legi extrem de importante pentru cel pu\u0163in 6 milioane de asigura\u0163i, sper\u0103 c\u0103 proiectul va trece, \u00een regim de urgen\u0163\u0103 \u015fi la Camera Deputa\u0163ilor. Dup\u0103 ce a primit votul \u00een Senat, proiectul de lege al PSD, privind Poli\u0163a RCA pleac\u0103 spre Camera Deputa\u0163ilor, care este decizional\u0103 \u00een aceast\u0103 problem\u0103\u201d<\/em>, scrie Niculae B\u0103d\u0103l\u0103u pe pagina sa de Facebook.<\/p>\n","protected":false},"excerpt":{"rendered":"<p>Pre\u015fedintele PSD Giurgiu, senatorul Niculae B\u0103d\u0103l\u0103u, a postat, \u00een urm\u0103 cu c\u00e2teva momente, pe pagina sa de Facebook, un mesaj dup\u0103 ce Senatul a adoptat \u201clegea RCA\u201d.<\/p>\n","protected":false},"author":1,"featured_media":47718,"comment_status":"open","ping_status":"open","sticky":false,"template":"","format":"standard","meta":{"slim_seo":{"title":"Legea RCA a trecut de Senat! Ce spune liderul PSD Giurgiu despre actul normativ? - GIURGIU NET","description":"Pre\u015fedintele PSD Giurgiu, senatorul Niculae B\u0103d\u0103l\u0103u, a postat, \u00een urm\u0103 cu c\u00e2teva momente, pe pagina sa de Facebook, un mesaj dup\u0103 ce Senatul a adoptat \u201clegea RC"},"footnotes":""},"categories":[18,26,28],"tags":[1517,1839,2250],"class_list":{"0":"post-47717","1":"post","2":"type-post","3":"status-publish","4":"format-standard","5":"has-post-thumbnail","7":"category-actual","8":"category-soc","9":"category-uo","10":"tag-legea-rca","11":"tag-niculae-badalau","12":"tag-psd"},"_links":{"self":[{"href":"https:\/\/giurgiu-net.ro\/index.php\/wp-json\/wp\/v2\/posts\/47717","targetHints":{"allow":["GET"]}}],"collection":[{"href":"https:\/\/giurgiu-net.ro\/index.php\/wp-json\/wp\/v2\/posts"}],"about":[{"href":"https:\/\/giurgiu-net.ro\/index.php\/wp-json\/wp\/v2\/types\/post"}],"author":[{"embeddable":true,"href":"https:\/\/giurgiu-net.ro\/index.php\/wp-json\/wp\/v2\/users\/1"}],"replies":[{"embeddable":true,"href":"https:\/\/giurgiu-net.ro\/index.php\/wp-json\/wp\/v2\/comments?post=47717"}],"version-history":[{"count":0,"href":"https:\/\/giurgiu-net.ro\/index.php\/wp-json\/wp\/v2\/posts\/47717\/revisions"}],"wp:featuredmedia":[{"embeddable":true,"href":"https:\/\/giurgiu-net.ro\/index.php\/wp-json\/"}],"wp:attachment":[{"href":"https:\/\/giurgiu-net.ro\/index.php\/wp-json\/wp\/v2\/media?parent=47717"}],"wp:term":[{"taxonomy":"category","embeddable":true,"href":"https:\/\/giurgiu-net.ro\/index.php\/wp-json\/wp\/v2\/categories?post=47717"},{"taxonomy":"post_tag","embeddable":true,"href":"https:\/\/giurgiu-net.ro\/index.php\/wp-json\/wp\/v2\/tags?post=47717"}],"curies":[{"name":"wp","href":"https:\/\/api.w.org\/{rel}","templated":true}]}}