{"id":47669,"date":"2016-09-12T10:08:40","date_gmt":"2016-09-12T07:08:40","guid":{"rendered":"http:\/\/giurgiu-net.ro\/?p=47669"},"modified":"2016-09-12T10:08:40","modified_gmt":"2016-09-12T07:08:40","slug":"jandarmii-giurgiuveni-alaturi-de-elevi-inca-din-prima-zi-de-scoala","status":"publish","type":"post","link":"https:\/\/giurgiu-net.ro\/index.php\/2016\/09\/12\/jandarmii-giurgiuveni-alaturi-de-elevi-inca-din-prima-zi-de-scoala\/","title":{"rendered":"Jandarmii giurgiuveni, al\u0103turi de elevi \u00eenc\u0103 din prima zi de \u0219coal\u0103"},"content":{"rendered":"<p><strong><em>&#8222;Ast\u0103zi, 12 septembrie a.c., jandarmii giurgiuveni au fost al\u0103turi de elevi \u015fi de cadrele didactice cu ocazia festivit\u0103\u0163ilor de deschidere a noului an \u015fcolar. <\/em><\/strong><strong><em>Institu\u0163iile de \u00eenv\u0103\u0163\u0103m\u00e2nt au fost incluse \u00een itinerarul de patrulare al jandarmilor, astfel \u00eenc\u00e2t activit\u0103\u0163ile organizate \u00een prima zi de \u015fcoal\u0103 s\u0103 se desf\u0103\u015foare \u00eentr-un climat de ordine \u015fi siguran\u0163\u0103. <\/em><\/strong><!--more--><\/p>\n<p><strong><em>\u00a0<\/em><\/strong>\u00cen anul \u0219colar 2016-2017 jandarmii vor fi prezen\u021bi \u00een zona urm\u0103toarelor institu\u021bii de \u00eenv\u0103\u021b\u0103m\u00e2nt la intrarea \/ ie\u0219irea elevilor de la cursuri:<\/p>\n<ul>\n<li>Liceul Teoretic \u201eTudor Vianu\u201d;<\/li>\n<li>Liceul Teoretic \u201eNicolae Cartojan\u201d;<\/li>\n<li>Liceul Teoretic \u201eIon Barbu\u201d;<\/li>\n<li>Liceul Tehnologic Giurgiu;<\/li>\n<li>Liceul Tehnologic \u201eMiron Nicolescu\u201d;<\/li>\n<li>Colegiul Tehnic \u201eViceamiral Ioan B\u0103l\u0103nescu\u201d;<\/li>\n<li>\u0218coala Postliceal\u0103 Sanitar\u0103 Giurgiu;<\/li>\n<li>\u0218coala general\u0103 nr. 6 \u201eSavin Popescu\u201d;<\/li>\n<li>Liceul Tehnologic \u201eTiu Dumitrescu\u201d din Mih\u0103ile\u0219ti;<\/li>\n<li>Liceul Tehnologic \u201eDimitrie Bolintineanu\u201d din Bolintin Vale;<\/li>\n<li>\u0218coala gimnazial\u0103 nr. 1 din Clejani.<\/li>\n<\/ul>\n<p>Jandarmii vor ac\u0163iona independent \u015fi \u00een sistem integrat \u00een zona institu\u0163iilor de \u00eenv\u0103\u0163\u0103m\u00e2nt \u0219i vor asigura o interven\u0163ie rapid\u0103 la evenimentele sesizate \u00een incinta sau \u00een apropierea unit\u0103\u0163ilor \u015fcolare. Totodat\u0103 ace\u0219tia vor avea o prezen\u0163\u0103 activ\u0103 \u00een aceste zone pentru descurajarea oric\u0103ror \u00eencerc\u0103ri de \u00eenc\u0103lcare a normelor de convie\u0163uire social\u0103.<\/p>\n<p>Compartimentul Informare, Rela\u0163ii Publice \u015fi cu Publicul &#8221;<\/p>\n<p>&nbsp;<\/p>\n","protected":false},"excerpt":{"rendered":"<p>&#8222;Ast\u0103zi, 12 septembrie a.c., jandarmii giurgiuveni au fost al\u0103turi de elevi \u015fi de cadrele didactice cu ocazia festivit\u0103\u0163ilor de deschidere a noului an \u015fcolar. Institu\u0163iile de \u00eenv\u0103\u0163\u0103m\u00e2nt au fost incluse \u00een itinerarul de patrulare al jandarmilor, astfel \u00eenc\u00e2t activit\u0103\u0163ile organizate \u00een prima zi de \u015fcoal\u0103 s\u0103 se desf\u0103\u015foare \u00eentr-un climat de ordine \u015fi siguran\u0163\u0103.<\/p>\n","protected":false},"author":1,"featured_media":47670,"comment_status":"open","ping_status":"open","sticky":false,"template":"","format":"standard","meta":{"slim_seo":{"title":"Jandarmii giurgiuveni, al\u0103turi de elevi \u00eenc\u0103 din prima zi de \u0219coal\u0103 - GIURGIU NET","description":"\"Ast\u0103zi, 12 septembrie a.c., jandarmii giurgiuveni au fost al\u0103turi de elevi \u015fi de cadrele didactice cu ocazia festivit\u0103\u0163ilor de deschidere a noului an \u015fcolar. I"},"footnotes":""},"categories":[18,29,26],"tags":[1466,2148],"class_list":{"0":"post-47669","1":"post","2":"type-post","3":"status-publish","4":"format-standard","5":"has-post-thumbnail","7":"category-actual","8":"category-educatie-si-cultura","9":"category-soc","10":"tag-jandarmeria-giurgiu","11":"tag-prima-zi-de-scoala"},"_links":{"self":[{"href":"https:\/\/giurgiu-net.ro\/index.php\/wp-json\/wp\/v2\/posts\/47669","targetHints":{"allow":["GET"]}}],"collection":[{"href":"https:\/\/giurgiu-net.ro\/index.php\/wp-json\/wp\/v2\/posts"}],"about":[{"href":"https:\/\/giurgiu-net.ro\/index.php\/wp-json\/wp\/v2\/types\/post"}],"author":[{"embeddable":true,"href":"https:\/\/giurgiu-net.ro\/index.php\/wp-json\/wp\/v2\/users\/1"}],"replies":[{"embeddable":true,"href":"https:\/\/giurgiu-net.ro\/index.php\/wp-json\/wp\/v2\/comments?post=47669"}],"version-history":[{"count":0,"href":"https:\/\/giurgiu-net.ro\/index.php\/wp-json\/wp\/v2\/posts\/47669\/revisions"}],"wp:featuredmedia":[{"embeddable":true,"href":"https:\/\/giurgiu-net.ro\/index.php\/wp-json\/"}],"wp:attachment":[{"href":"https:\/\/giurgiu-net.ro\/index.php\/wp-json\/wp\/v2\/media?parent=47669"}],"wp:term":[{"taxonomy":"category","embeddable":true,"href":"https:\/\/giurgiu-net.ro\/index.php\/wp-json\/wp\/v2\/categories?post=47669"},{"taxonomy":"post_tag","embeddable":true,"href":"https:\/\/giurgiu-net.ro\/index.php\/wp-json\/wp\/v2\/tags?post=47669"}],"curies":[{"name":"wp","href":"https:\/\/api.w.org\/{rel}","templated":true}]}}