{"id":47386,"date":"2016-08-26T09:28:56","date_gmt":"2016-08-26T06:28:56","guid":{"rendered":"http:\/\/giurgiu-net.ro\/?p=47386"},"modified":"2016-08-26T09:28:56","modified_gmt":"2016-08-26T06:28:56","slug":"cand-incepe-scoala-vezi-aici-calendarul-scolar-pentru-anul-2016-2017","status":"publish","type":"post","link":"https:\/\/giurgiu-net.ro\/index.php\/2016\/08\/26\/cand-incepe-scoala-vezi-aici-calendarul-scolar-pentru-anul-2016-2017\/","title":{"rendered":"C\u00e2nd \u00eencepe \u015fcoala? VEZI AICI calendarul \u015fcolar pentru anul 2016-2017!"},"content":{"rendered":"<p><strong>Reprezentan\u0163ii Ministerului Educa\u0163iei au dat recent publicit\u0103\u0163ii toate informa\u0163iile despre noul an \u015fcolar.<\/strong><\/p>\n<p><!--more--><\/p>\n<p><strong>Astfel, cursurile vor \u00eencepe luni, 12 septembrie, noul an \u015fcolar va avea 35 de s\u0103pt\u0103m\u00e2ni de cursuri, \u00eensum\u00e2nd <\/strong>169 de zile lucr\u0103toare, \u0219i se structureaz\u0103 \u00een dou\u0103 semestre: semestrul I (12 septembrie 2016 \u2014 3 februarie 2017) \u0219i semestrul al II-lea (13 februarie 2017 \u2014 16 iunie 2017).<\/p>\n<p><strong>Vacan\u021bele elevilor<\/strong>\u00a0sunt programate astfel:<\/p>\n<p><strong><em>&#8211; vacan\u021ba de iarn\u0103 (24 decembrie 2016 \u2014 8 ianuarie 2017)<\/em><\/strong><\/p>\n<p><strong><em>&#8211; vacan\u021ba intersemestrial\u0103 (4 \u2014 12 februarie 2017)<\/em><\/strong><\/p>\n<p><strong><em>&#8211; vacan\u021ba de prim\u0103var\u0103 (19 \u2014 30 aprilie 2017)<\/em><\/strong><\/p>\n<p><strong><em>&#8211; vacan\u021ba de var\u0103 (17 iunie \u2014 10 septembrie 2017)<\/em><\/strong><\/p>\n<p>De asemenea, \u00een s\u0103pt\u0103m\u00e2na\u00a0<strong>29 octombrie \u2014 6 noiembrie 2016<\/strong>, clasele din \u00eenv\u0103\u021b\u0103m\u00e2ntul primar \u0219i grupele din \u00eenv\u0103\u021b\u0103m\u00e2ntul pre\u0219colar sunt \u00een vacan\u021b\u0103.<\/p>\n<p>Pentru clasele terminale din \u00eenv\u0103\u021b\u0103m\u00e2ntul liceal, anul \u0219colar se \u00eencheie \u00een data de\u00a0<strong>26 mai 2017<\/strong>, iar pentru\u00a0<strong>clasa a VIII-a \u2014 pe 9 iunie 2017.<\/strong><\/p>\n<p><strong>Programul na\u021bional \u201e\u0218coala altfel\u201d<\/strong>\u00a0are o durat\u0103 de cinci zile consecutive lucr\u0103toare \u00een timpul anului \u0219colar \u0219i poate fi derulat pe baza unei planific\u0103ri ce r\u0103m\u00e2ne la decizia \u0219colilor.<\/p>\n","protected":false},"excerpt":{"rendered":"<p>Reprezentan\u0163ii Ministerului Educa\u0163iei au dat recent publicit\u0103\u0163ii toate informa\u0163iile despre noul an \u015fcolar.<\/p>\n","protected":false},"author":1,"featured_media":47387,"comment_status":"open","ping_status":"open","sticky":false,"template":"","format":"standard","meta":{"slim_seo":{"title":"C\u00e2nd \u00eencepe \u015fcoala? VEZI AICI calendarul \u015fcolar pentru anul 2016-2017! - GIURGIU NET","description":"Reprezentan\u0163ii Ministerului Educa\u0163iei au dat recent publicit\u0103\u0163ii toate informa\u0163iile despre noul an \u015fcolar. Astfel, cursurile vor \u00eencepe luni, 12 septembrie, nou"},"footnotes":""},"categories":[18,29],"tags":[2148],"class_list":{"0":"post-47386","1":"post","2":"type-post","3":"status-publish","4":"format-standard","5":"has-post-thumbnail","7":"category-actual","8":"category-educatie-si-cultura","9":"tag-prima-zi-de-scoala"},"_links":{"self":[{"href":"https:\/\/giurgiu-net.ro\/index.php\/wp-json\/wp\/v2\/posts\/47386","targetHints":{"allow":["GET"]}}],"collection":[{"href":"https:\/\/giurgiu-net.ro\/index.php\/wp-json\/wp\/v2\/posts"}],"about":[{"href":"https:\/\/giurgiu-net.ro\/index.php\/wp-json\/wp\/v2\/types\/post"}],"author":[{"embeddable":true,"href":"https:\/\/giurgiu-net.ro\/index.php\/wp-json\/wp\/v2\/users\/1"}],"replies":[{"embeddable":true,"href":"https:\/\/giurgiu-net.ro\/index.php\/wp-json\/wp\/v2\/comments?post=47386"}],"version-history":[{"count":0,"href":"https:\/\/giurgiu-net.ro\/index.php\/wp-json\/wp\/v2\/posts\/47386\/revisions"}],"wp:featuredmedia":[{"embeddable":true,"href":"https:\/\/giurgiu-net.ro\/index.php\/wp-json\/"}],"wp:attachment":[{"href":"https:\/\/giurgiu-net.ro\/index.php\/wp-json\/wp\/v2\/media?parent=47386"}],"wp:term":[{"taxonomy":"category","embeddable":true,"href":"https:\/\/giurgiu-net.ro\/index.php\/wp-json\/wp\/v2\/categories?post=47386"},{"taxonomy":"post_tag","embeddable":true,"href":"https:\/\/giurgiu-net.ro\/index.php\/wp-json\/wp\/v2\/tags?post=47386"}],"curies":[{"name":"wp","href":"https:\/\/api.w.org\/{rel}","templated":true}]}}