{"id":47370,"date":"2016-08-26T11:37:23","date_gmt":"2016-08-26T08:37:23","guid":{"rendered":"http:\/\/giurgiu-net.ro\/?p=47370"},"modified":"2016-08-26T11:37:23","modified_gmt":"2016-08-26T08:37:23","slug":"liviu-dragnea-despre-alegerile-parlamentare-nu-voi-trimite-in-niciun-judet-pe-cineva-din-bucuresti","status":"publish","type":"post","link":"https:\/\/giurgiu-net.ro\/index.php\/2016\/08\/26\/liviu-dragnea-despre-alegerile-parlamentare-nu-voi-trimite-in-niciun-judet-pe-cineva-din-bucuresti\/","title":{"rendered":"Liviu Dragnea, despre alegerile parlamentare: Nu voi trimite \u00een niciun jude\u0163 pe cineva din Bucure\u015fti!"},"content":{"rendered":"<p><strong>Pre\u015fedintele PSD a f\u0103cut aceast\u0103 afirma\u0163ie, joi, 25 august, \u00een cadrul primei zile a \u015ecolii de Var\u0103 a Femeilor Social-Democrate din Rom\u00e2nia.<\/strong><!--more--><\/p>\n<p><em>\u201eNu voi trimite \u00een niciun jude\u0163 pe cineva de la Bucure\u015fti, f\u0103r\u0103 niciun fel de excep\u0163ie. To\u0163i candida\u0163ii vor fi din organiza\u0163ia PSD din jude\u0163ul respectiv. \u00cen schimb, o s\u0103 m\u0103 uit cu aten\u0163ie \u015fi voi avea o discu\u0163ie cu fiecare pre\u015fedinte de organiza\u0163ie pentru fiecare candidat \u00een parte. O s\u0103 avem liste pentru Parlament profesionalizate, \u00een func\u0163ie de comisiile din Parlament, vreau ca to\u0163i candida\u0163ii no\u015ftri s\u0103 contribuie la ridicarea calit\u0103\u0163ii Parlamentului. <\/em><\/p>\n<p><em>Vor fi pe listele Parlamentului mul\u0163i tineri, multe femei, \u015fi, \u00een sensul acesta, nu voi primi liste la centru pe care s\u0103 le semnez pur \u015fi simplu cu ochii \u00eenchi\u015fi\u201d<\/em>, a spus Liviu Dragnea.<\/p>\n<p>De asemenea, liderul social-democrat a men\u0163ionat, referitor la to\u0163i candida\u0163ii PSD pentru Parlament, c\u0103 dore\u015fte ca social-democra\u0163ii din viitoarea structur\u0103 legislativ\u0103 s\u0103 fie activi \u015fi dinamici, scrie Hotnews.<\/p>\n<p><em>\u201eNu vreau s\u0103 fie \u00een Parlament, cel pu\u0163in din partea PSD-ului, vreun deputat care s\u0103 nu aib\u0103 drag de munc\u0103, care s\u0103 nu mearg\u0103 la comisii, (\u2026) un deputat care dac\u0103 merge \u00een comisie s\u0103 \u015ftie proiectele de legi pentru c\u0103 este de specialitatea respectiv\u0103, care s\u0103 fie prezent la vot \u015fi care s\u0103 fie un om activ \u015fi dinamic \u00een Parlamentul Rom\u00e2niei. Am vorbit cu colegii mei, to\u0163i au acceptat lucrul \u0103sta, au \u00een\u0163eles \u015fi \u00een sensul \u0103sta vom face liste\u201d<\/em>, a spus liderul PSD.<\/p>\n<p><strong>\u00a0<\/strong><\/p>\n<p>&nbsp;<\/p>\n","protected":false},"excerpt":{"rendered":"<p>Pre\u015fedintele PSD a f\u0103cut aceast\u0103 afirma\u0163ie, joi, 25 august, \u00een cadrul primei zile a \u015ecolii de Var\u0103 a Femeilor Social-Democrate din Rom\u00e2nia.<\/p>\n","protected":false},"author":1,"featured_media":47371,"comment_status":"open","ping_status":"open","sticky":false,"template":"","format":"standard","meta":{"slim_seo":{"title":"Liviu Dragnea, despre alegerile parlamentare: Nu voi trimite \u00een niciun jude\u0163 pe cineva din Bucure\u015fti! - GIURGIU NET","description":"Pre\u015fedintele PSD a f\u0103cut aceast\u0103 afirma\u0163ie, joi, 25 august, \u00een cadrul primei zile a \u015ecolii de Var\u0103 a Femeilor Social-Democrate din Rom\u00e2nia. \u201eNu voi trimite \u00een n"},"footnotes":""},"categories":[18,25,28],"tags":[163,1554,2250],"class_list":{"0":"post-47370","1":"post","2":"type-post","3":"status-publish","4":"format-standard","5":"has-post-thumbnail","7":"category-actual","8":"category-pol","9":"category-uo","10":"tag-alegeri-parlamentare","11":"tag-liviu-dragnea","12":"tag-psd"},"_links":{"self":[{"href":"https:\/\/giurgiu-net.ro\/index.php\/wp-json\/wp\/v2\/posts\/47370","targetHints":{"allow":["GET"]}}],"collection":[{"href":"https:\/\/giurgiu-net.ro\/index.php\/wp-json\/wp\/v2\/posts"}],"about":[{"href":"https:\/\/giurgiu-net.ro\/index.php\/wp-json\/wp\/v2\/types\/post"}],"author":[{"embeddable":true,"href":"https:\/\/giurgiu-net.ro\/index.php\/wp-json\/wp\/v2\/users\/1"}],"replies":[{"embeddable":true,"href":"https:\/\/giurgiu-net.ro\/index.php\/wp-json\/wp\/v2\/comments?post=47370"}],"version-history":[{"count":0,"href":"https:\/\/giurgiu-net.ro\/index.php\/wp-json\/wp\/v2\/posts\/47370\/revisions"}],"wp:featuredmedia":[{"embeddable":true,"href":"https:\/\/giurgiu-net.ro\/index.php\/wp-json\/"}],"wp:attachment":[{"href":"https:\/\/giurgiu-net.ro\/index.php\/wp-json\/wp\/v2\/media?parent=47370"}],"wp:term":[{"taxonomy":"category","embeddable":true,"href":"https:\/\/giurgiu-net.ro\/index.php\/wp-json\/wp\/v2\/categories?post=47370"},{"taxonomy":"post_tag","embeddable":true,"href":"https:\/\/giurgiu-net.ro\/index.php\/wp-json\/wp\/v2\/tags?post=47370"}],"curies":[{"name":"wp","href":"https:\/\/api.w.org\/{rel}","templated":true}]}}