{"id":47266,"date":"2016-08-16T11:48:50","date_gmt":"2016-08-16T08:48:50","guid":{"rendered":"http:\/\/giurgiu-net.ro\/?p=47266"},"modified":"2016-08-16T11:48:50","modified_gmt":"2016-08-16T08:48:50","slug":"foto-cum-s-au-distrat-giurgiuvenii-de-ziua-marinei","status":"publish","type":"post","link":"https:\/\/giurgiu-net.ro\/index.php\/2016\/08\/16\/foto-cum-s-au-distrat-giurgiuvenii-de-ziua-marinei\/","title":{"rendered":"FOTO: Cum s-au distrat giurgiuvenii, de Ziua Marinei?"},"content":{"rendered":"<p><!--more--><\/p>\n<p>Zeci de giurgiuveni, de toate v\u00e2rstele, au mers \u015fi anul acesta, pe 15 august, \u00een Portul Giurgiu pentru a asista la manifest\u0103rile desf\u0103\u015furate cu dubl\u0103 ocazie: at\u00e2t de Sf\u00e2nta Maria, dar mai ales pentru c\u0103 a fost celebrat\u0103 \u015fi Ziua Marinei.<\/p>\n<p>Astfel, ca \u00een fiecare an, curio\u015fii au asistat mai \u00eent\u00e2i, dup\u0103 intonarea Imnului de Stat, la evocarea semnifica\u0163iei Zilei de 15 august, a personalit\u0103\u0163ilor \u015fi eroilor marinari din Giurgiu \u015fi, ulterior, la o slujb\u0103 religioas\u0103 \u015fi aruncarea unei ancore de flori \u00een Dun\u0103re.<\/p>\n<p>Apoi, copiii \u015fi tinerii antrena\u0163i de profesorul Ion Chelu au f\u0103cut o serie de demonstra\u0163ii de arte mar\u0163iale. Arti\u015ftii \u015fi majoretele de la \u201eValahia\u201d au sus\u0163inut un mini-spectacol iar, ulterior, cei mai curajo\u015fi dintre tinerii giurgiuveni s-au \u00eentrecut la jocurile marin\u0103re\u015fti.<\/p>\n<p>Activit\u0103\u0163ile s-au \u00eencheiat cu deflilarea pe Dun\u0103re a ambarca\u0163iunilor apar\u0163in\u00e2nd structurilor MAI.<\/p>\n\n<p>&nbsp;<\/p>\n<p>&nbsp;<\/p>\n","protected":false},"excerpt":{"rendered":"","protected":false},"author":1,"featured_media":47272,"comment_status":"open","ping_status":"open","sticky":false,"template":"","format":"standard","meta":{"slim_seo":{"title":"FOTO: Cum s-au distrat giurgiuvenii, de Ziua Marinei? - GIURGIU NET","description":"Zeci de giurgiuveni, de toate v\u00e2rstele, au mers \u015fi anul acesta, pe 15 august, \u00een Portul Giurgiu pentru a asista la manifest\u0103rile desf\u0103\u015furate cu dubl\u0103 ocazie: at"},"footnotes":""},"categories":[18,31],"tags":[2838],"class_list":["post-47266","post","type-post","status-publish","format-standard","has-post-thumbnail","category-actual","category-mon","tag-ziua-marinei"],"_links":{"self":[{"href":"https:\/\/giurgiu-net.ro\/index.php\/wp-json\/wp\/v2\/posts\/47266","targetHints":{"allow":["GET"]}}],"collection":[{"href":"https:\/\/giurgiu-net.ro\/index.php\/wp-json\/wp\/v2\/posts"}],"about":[{"href":"https:\/\/giurgiu-net.ro\/index.php\/wp-json\/wp\/v2\/types\/post"}],"author":[{"embeddable":true,"href":"https:\/\/giurgiu-net.ro\/index.php\/wp-json\/wp\/v2\/users\/1"}],"replies":[{"embeddable":true,"href":"https:\/\/giurgiu-net.ro\/index.php\/wp-json\/wp\/v2\/comments?post=47266"}],"version-history":[{"count":0,"href":"https:\/\/giurgiu-net.ro\/index.php\/wp-json\/wp\/v2\/posts\/47266\/revisions"}],"wp:attachment":[{"href":"https:\/\/giurgiu-net.ro\/index.php\/wp-json\/wp\/v2\/media?parent=47266"}],"wp:term":[{"taxonomy":"category","embeddable":true,"href":"https:\/\/giurgiu-net.ro\/index.php\/wp-json\/wp\/v2\/categories?post=47266"},{"taxonomy":"post_tag","embeddable":true,"href":"https:\/\/giurgiu-net.ro\/index.php\/wp-json\/wp\/v2\/tags?post=47266"}],"curies":[{"name":"wp","href":"https:\/\/api.w.org\/{rel}","templated":true}]}}