{"id":47103,"date":"2016-08-03T21:09:33","date_gmt":"2016-08-03T18:09:33","guid":{"rendered":"http:\/\/giurgiu-net.ro\/?p=47103"},"modified":"2016-08-03T21:09:33","modified_gmt":"2016-08-03T18:09:33","slug":"special-un-nou-pod-rutier-peste-arges-ridicat-la-gostinari-giurgiu-azi-au-inceput-lucrarile","status":"publish","type":"post","link":"https:\/\/giurgiu-net.ro\/index.php\/2016\/08\/03\/special-un-nou-pod-rutier-peste-arges-ridicat-la-gostinari-giurgiu-azi-au-inceput-lucrarile\/","title":{"rendered":"SPECIAL: Un nou pod rutier peste Arge\u015f, ridicat la Gostinari- Giurgiu! Azi au \u00eenceput lucr\u0103rile"},"content":{"rendered":"<p>Despre acest nou pod peste Arge\u015f primarul social-democrat Marin Ion vorbea de mai mul\u0163i ani \u015fi le-a spus oamenilor, de c\u00e2te ori\u00a0a avut ocazia, c\u0103 se lucreaz\u0103 intens la proiect \u015fi c\u0103 visul va deveni realitate. \u00cen tot acest timp, adversarii politici le spuneau oamenilor c\u0103 primarul \u201evinde iluzii\u201d \u015fi c\u0103 podul, unic \u00een Rom\u00e2nia-\u00a0dup\u0103\u00a0anumite caracteristici, nu are cum s\u0103 fie ridicat la Gostinari.<!--more--><\/p>\n<p>Gostin\u0103renii, \u00eens\u0103, i-au dat crezare edilului \u015fi, acum, \u00eencrederea le este r\u0103spl\u0103tit\u0103. Lucr\u0103rile la pod au \u00eenceput efectiv miercuri, 3 august, cu forarea primei coloane de pe malul st\u00e2ng al r\u00e2ului.<\/p>\n\n<p><em>\u201e\u00cen aceast\u0103 zi solemn\u0103, pe 3 august, vrem s\u0103 le demonstr\u0103m locuitorilor comunei Gostinari c\u0103 echipa din cadrul Prim\u0103riei nu a v\u00e2ndut \u015fi nici nu vinde iluzii! A fost aprobat acest proiect la care am lucrat 4 ani, respectiv construirea podului rutier peste r\u00e2ul Arge\u015f. Suma necesar\u0103 a fost alocat\u0103, cea mai mare parte, de c\u0103tre Guvernul Rom\u00e2niei, pe c\u00e2nd acesta era condus de Victor Ponta. Suntem foarte m\u00e2ndri, bucuro\u015fi \u015fi trebuie s\u0103 spun c\u0103 acest pod este important nu doar pentru transportul din comun\u0103, ci pentru transportul din jude\u0163, \u00een special pentru tot ce vine din sud. Ma\u015finile vor scurta drumul c\u0103tre Olteni\u0163a cu aproape 30 de kilometri\u201d<\/em>, ne-a declarat primarul Marin Ion(foto jos).<img loading=\"lazy\" decoding=\"async\" class=\"aligncenter wp-image-47104 size-full\" src=\"https:\/\/giurgiu-net.ro\/wp-content\/uploads\/2016\/08\/DSC00019.jpg\" alt=\"DSC00019\" width=\"800\" height=\"450\" \/><\/p>\n<p>Conform speciali\u015ftilor care se ocup\u0103 de proiect lungimea podului va fi de 220 de metri iar \u00een\u0103l\u0163imea de 12 metri.<\/p>\n<p><em>\u201eCred c\u0103 acest pod este unicat \u00een Rom\u00e2nia, av\u00e2nd o deschidere de 110 metri. S-a \u0163inut cont de toate avizele \u015fi a fost avut \u00een vedere marele proiect al Canalului Dun\u0103re-Bucure\u015fti. Firma ce va construi podul este Metabet Pite\u015fti \u015fi suntem bucuro\u015fi c\u0103 dumnealor, cu o vechime de peste 100 de ani \u00een construc\u0163ia de poduri, se ocup\u0103 de investi\u0163ia noastr\u0103\u201d<\/em>, ne-a mai spus Marin Ion.<\/p>\n<p>Detalii tehnice despre ce lucr\u0103ri sunt efectuate \u00een aceast\u0103 perioad\u0103 am aflat \u015fi de la \u015feful de proiect, inginer Alexandru Antonescu(foto jos).<\/p>\n<p><img loading=\"lazy\" decoding=\"async\" class=\"aligncenter wp-image-47130 size-full\" src=\"https:\/\/giurgiu-net.ro\/wp-content\/uploads\/2016\/08\/DSC00045.jpg\" alt=\"DSC00045\" width=\"800\" height=\"450\" \/><\/p>\n<p><em>\u201eVorbim despre o grind\u0103 continu\u0103, cu trei deschideri, tablier mixt, cu atelaj din beton. Lungimea suprastructurii va fi de 210 metri \u015fi lungimea total\u0103 de peste 220 de metri. \u00cen momentul de fa\u0163\u0103 se lucreaz\u0103 la coloanele malului st\u00e2ng, azi se foreaz\u0103 la prima coloan\u0103 \u015fi partea cea mai grea este s\u0103 ie\u015fim din p\u0103m\u00e2nt. Dup\u0103 aceea, lucrurile vor merge mai u\u015for. Podul va \u0163ine cont \u015fi de proiectul de canal navigabil al Arge\u015fului. De aceea, va trebui s\u0103 asigure o deschidere navigabil\u0103 de 95 metri \u015fi o lam\u0103 de ap\u0103 de 4,5 metri, c\u00e2t \u015fi un gol de aer de 11,5 metri\u201d<\/em>, a precizat Antonescu.<\/p>\n<p>La demararea lucr\u0103rilor, miercuri, a fost invitat \u015fi pre\u015fedintele Consiliului Jude\u0163ean Giurgiu, Marian Mina. El i-a felicitat pe cei din Prim\u0103ria Gostinari pentru succesul \u00eenregistrat prin implementarea unui asemenea proiect de anvergur\u0103 na\u0163ional\u0103.<img loading=\"lazy\" decoding=\"async\" class=\"aligncenter wp-image-47131 size-full\" src=\"https:\/\/giurgiu-net.ro\/wp-content\/uploads\/2016\/08\/DSC00063.jpg\" alt=\"DSC00063\" width=\"800\" height=\"450\" \/><\/p>\n<p><em>\u201eEste o investi\u0163ie de circa 8 milioane de euro de care vor beneficia mai multe comune din jude\u0163ul nostru, nu doar Gostinari. Despre acest proiect domnul primar de la Gostinari a vorbit \u00een campanie \u015fi uite c\u0103 se \u0163ine de cuv\u00e2nt, nu a v\u00e2ndut iluzii, promisiunile se materializeaz\u0103 acum, cu toate c\u0103 ai no\u015ftri colegi de la alte partide au fost mai mult dec\u00e2t ne\u00eencrez\u0103tori \u015fi au spus c\u0103 nu putem face aceast\u0103 lucrare. Se lucreaz\u0103, iat\u0103, iar meritul este sut\u0103 la sut\u0103 al domnului primar \u015fi al echipei sale. Au f\u0103cut multe drumuri la ministere, au fost foarte multe discu\u0163ii cu constructorul \u015fi iat\u0103 c\u0103 acum s-au apucat de lucru!\u201d<\/em>, ne-a spus Mina.<\/p>\n\n<p>De asemenea, pe \u015fantier a venit \u015fi vicepre\u015fedintele Consiliului Jude\u0163ean Giurgiu, Cristian Marciu.<\/p>\n<p><img loading=\"lazy\" decoding=\"async\" class=\"aligncenter wp-image-47141 size-full\" src=\"https:\/\/giurgiu-net.ro\/wp-content\/uploads\/2016\/08\/DSC00069.jpg\" alt=\"DSC00069\" width=\"800\" height=\"450\" \/><\/p>\n<p><em>\u201eSigur c\u0103 \u015fi eu sunt bucuros c\u0103 aceast\u0103 investi\u0163ie a putut s\u0103 fie realizat\u0103 \u00een jude\u0163ul Giurgiu, \u00een Gostinari. Este o mare realizare a noastr\u0103, a giurgiuvenilor \u015fi am primit sprijinul conducerii Ministerului Dezvolt\u0103rii pentru ca aceast\u0103 lucrare s\u0103 fie finan\u0163at\u0103. Dup\u0103 inaugurare va fi o bucurie \u015fi mai mare inclusiv pentru locuitorii de pe cele dou\u0103 maluri ale Arge\u015fului. S\u0103 dea Dumnezeu s\u0103 avem for\u0163\u0103 de munc\u0103 \u015fi timp bun ca s\u0103 vedem investi\u0163ia realizat\u0103! Va fi un pod nu doar frumos, ci mai ales util pentru Giurgiu \u015fi nu numai\u201d<\/em>, a declarat Cristian Marciu.<\/p>\n<p>Dac\u0103 totul va merge bine, investi\u0163ia ar trebui s\u0103 fie gata \u00een iarna lui 2017.<\/p>\n<p>Text \u015fi foto: C\u0103t\u0103lina Sfetcu<\/p>\n<p>&nbsp;<\/p>\n","protected":false},"excerpt":{"rendered":"<p>Despre acest nou pod peste Arge\u015f primarul social-democrat Marin Ion vorbea de mai mul\u0163i ani \u015fi le-a spus oamenilor, de c\u00e2te ori\u00a0a avut ocazia, c\u0103 se lucreaz\u0103 intens la proiect \u015fi c\u0103 visul va deveni realitate. \u00cen tot acest timp, adversarii politici le spuneau oamenilor c\u0103 primarul \u201evinde iluzii\u201d \u015fi c\u0103 podul, unic \u00een Rom\u00e2nia-\u00a0dup\u0103\u00a0anumite [&hellip;]<\/p>\n","protected":false},"author":1,"featured_media":47125,"comment_status":"open","ping_status":"open","sticky":false,"template":"","format":"standard","meta":{"slim_seo":{"title":"SPECIAL: Un nou pod rutier peste Arge\u015f, ridicat la Gostinari- Giurgiu! Azi au \u00eenceput lucr\u0103rile - GIURGIU NET","description":"Despre acest nou pod peste Arge\u015f primarul social-democrat Marin Ion vorbea de mai mul\u0163i ani \u015fi le-a spus oamenilor, de c\u00e2te ori\u00a0a avut ocazia, c\u0103 se lucreaz\u0103 in"},"footnotes":""},"categories":[18,19,28],"tags":[778,1253,1626,1639,2043,2747],"class_list":["post-47103","post","type-post","status-publish","format-standard","has-post-thumbnail","category-actual","category-adm","category-uo","tag-cristian-marciu","tag-gostinari","tag-marian-mina","tag-marin-ion","tag-pod-peste-arges","tag-victor-ponta"],"_links":{"self":[{"href":"https:\/\/giurgiu-net.ro\/index.php\/wp-json\/wp\/v2\/posts\/47103","targetHints":{"allow":["GET"]}}],"collection":[{"href":"https:\/\/giurgiu-net.ro\/index.php\/wp-json\/wp\/v2\/posts"}],"about":[{"href":"https:\/\/giurgiu-net.ro\/index.php\/wp-json\/wp\/v2\/types\/post"}],"author":[{"embeddable":true,"href":"https:\/\/giurgiu-net.ro\/index.php\/wp-json\/wp\/v2\/users\/1"}],"replies":[{"embeddable":true,"href":"https:\/\/giurgiu-net.ro\/index.php\/wp-json\/wp\/v2\/comments?post=47103"}],"version-history":[{"count":0,"href":"https:\/\/giurgiu-net.ro\/index.php\/wp-json\/wp\/v2\/posts\/47103\/revisions"}],"wp:attachment":[{"href":"https:\/\/giurgiu-net.ro\/index.php\/wp-json\/wp\/v2\/media?parent=47103"}],"wp:term":[{"taxonomy":"category","embeddable":true,"href":"https:\/\/giurgiu-net.ro\/index.php\/wp-json\/wp\/v2\/categories?post=47103"},{"taxonomy":"post_tag","embeddable":true,"href":"https:\/\/giurgiu-net.ro\/index.php\/wp-json\/wp\/v2\/tags?post=47103"}],"curies":[{"name":"wp","href":"https:\/\/api.w.org\/{rel}","templated":true}]}}