{"id":46993,"date":"2016-07-20T11:30:04","date_gmt":"2016-07-20T08:30:04","guid":{"rendered":"http:\/\/giurgiu-net.ro\/?p=46993"},"modified":"2016-07-20T11:30:04","modified_gmt":"2016-07-20T08:30:04","slug":"foto-elevii-social-democrati-giurgiuveni-in-prima-lor-scoala-de-vara","status":"publish","type":"post","link":"https:\/\/giurgiu-net.ro\/index.php\/2016\/07\/20\/foto-elevii-social-democrati-giurgiuveni-in-prima-lor-scoala-de-vara\/","title":{"rendered":"FOTO: Elevii social-democra\u0163i giurgiuveni, \u00een prima lor \u015ecoal\u0103 de Var\u0103"},"content":{"rendered":"<p><!--more--><\/p>\n<p>Evenimentul, la care au luat parte zeci de elevi, membri ai Ligii Elevilor Social-Democra\u0163i Giurgiu, a avut loc \u00een perioada 17-19 iulie, \u00een Moeciul de Sus, jude\u0163ul Bra\u015fov, scriu tinerii pe pagina LESD Giurgiu.<\/p>\n\n<p>\u201eLa \u015ecoala de Var\u0103 s-a pus accent pe activit\u0103\u0163i de team-building, am discutat despre situa\u0163ia \u00eenv\u0103\u0163\u0103m\u00e2ntului la momentul actual, dar am f\u0103cut \u015fi drume\u0163ii montane. Pe aceast\u0103 cale, Liga Elevilor Social-Democra\u0163i Giurgiu dore\u015fte s\u0103 mul\u0163umeasc\u0103 celor din conducerea Partidului Social-Democrat Giurgiu pentru toat\u0103 sus\u0163inerea \u015fi \u00eencurajarea oferite\u201d, scriu cei din LESD Giurgiu pe Facebook.<\/p>\n","protected":false},"excerpt":{"rendered":"","protected":false},"author":1,"featured_media":46999,"comment_status":"open","ping_status":"open","sticky":false,"template":"","format":"standard","meta":{"slim_seo":{"title":"FOTO: Elevii social-democra\u0163i giurgiuveni, \u00een prima lor \u015ecoal\u0103 de Var\u0103 - GIURGIU NET","description":"Evenimentul, la care au luat parte zeci de elevi, membri ai Ligii Elevilor Social-Democra\u0163i Giurgiu, a avut loc \u00een perioada 17-19 iulie, \u00een Moeciul de Sus, jude"},"footnotes":""},"categories":[18,29,31],"tags":[1529],"class_list":{"0":"post-46993","1":"post","2":"type-post","3":"status-publish","4":"format-standard","5":"has-post-thumbnail","7":"category-actual","8":"category-educatie-si-cultura","9":"category-mon","10":"tag-lesd-giurgiu"},"_links":{"self":[{"href":"https:\/\/giurgiu-net.ro\/index.php\/wp-json\/wp\/v2\/posts\/46993","targetHints":{"allow":["GET"]}}],"collection":[{"href":"https:\/\/giurgiu-net.ro\/index.php\/wp-json\/wp\/v2\/posts"}],"about":[{"href":"https:\/\/giurgiu-net.ro\/index.php\/wp-json\/wp\/v2\/types\/post"}],"author":[{"embeddable":true,"href":"https:\/\/giurgiu-net.ro\/index.php\/wp-json\/wp\/v2\/users\/1"}],"replies":[{"embeddable":true,"href":"https:\/\/giurgiu-net.ro\/index.php\/wp-json\/wp\/v2\/comments?post=46993"}],"version-history":[{"count":0,"href":"https:\/\/giurgiu-net.ro\/index.php\/wp-json\/wp\/v2\/posts\/46993\/revisions"}],"wp:featuredmedia":[{"embeddable":true,"href":"https:\/\/giurgiu-net.ro\/index.php\/wp-json\/"}],"wp:attachment":[{"href":"https:\/\/giurgiu-net.ro\/index.php\/wp-json\/wp\/v2\/media?parent=46993"}],"wp:term":[{"taxonomy":"category","embeddable":true,"href":"https:\/\/giurgiu-net.ro\/index.php\/wp-json\/wp\/v2\/categories?post=46993"},{"taxonomy":"post_tag","embeddable":true,"href":"https:\/\/giurgiu-net.ro\/index.php\/wp-json\/wp\/v2\/tags?post=46993"}],"curies":[{"name":"wp","href":"https:\/\/api.w.org\/{rel}","templated":true}]}}