{"id":46966,"date":"2016-07-19T10:23:14","date_gmt":"2016-07-19T07:23:14","guid":{"rendered":"http:\/\/giurgiu-net.ro\/?p=46966"},"modified":"2016-07-19T10:23:14","modified_gmt":"2016-07-19T07:23:14","slug":"apel-etern-catre-unii-giurgiuveni-nu-mai-distrugeti-bunurile-de-pe-domeniul-public","status":"publish","type":"post","link":"https:\/\/giurgiu-net.ro\/index.php\/2016\/07\/19\/apel-etern-catre-unii-giurgiuveni-nu-mai-distrugeti-bunurile-de-pe-domeniul-public\/","title":{"rendered":"Apel etern c\u0103tre unii giurgiuveni: Nu mai distruge\u0163i bunurile de pe domeniul public!"},"content":{"rendered":"<p>Rug\u0103mintea a fost postat\u0103, din nou, pe pagina de Facebook a Prim\u0103riei Giurgiu, dup\u0103 ce, la doar c\u00e2teva zile de la amplasare, f\u00e2nt\u00e2na din Parcul Expoflora a fost distrus\u0103.<!--more--><\/p>\n<p><em>\u201eParcul Expoflora din centrul ora\u015fului \u00ee\u015fi schimb\u0103 \u00eenf\u0103\u0163i\u015farea gra\u0163ie eforturilor echipei GSL care a lucrat \u015fi \u00eenc\u0103 mai lucreaz\u0103 la cur\u0103\u0163area \u015fi \u00eenfrumuse\u0163area zonei. Cet\u0103\u0163enii sunt ruga\u0163i s\u0103 p\u0103streze cur\u0103\u0163enia \u015fi s\u0103 nu mai distrug\u0103 bunurile de pe domeniul public, a\u015fa cum s-a \u00eent\u00e2mplat la f\u00e2nt\u00e2na recent construit\u0103 \u00een parc!\u201d<\/em>, se arat\u0103 \u00een mesaj.<\/p>\n<p>\u00cenc\u0103 de s\u0103pt\u0103m\u00e2na trecut\u0103, angaja\u021bii GSL au \u00eenceput lucr\u0103rile \u00een Parcul Expoflora din municipiu, prin toaletarea copacilor, reamenajarea peluzei dinspre Turnul Ceasornicului, gazonarea zonelor uscate. Totodat\u0103, au mai fost monta\u021bi trei st\u00e2lpi de iluminat pentru \u00eembun\u0103t\u0103\u021birea ilumunatului \u00een parc, pe timp de noapte.<\/p>\n\n<p>De asemenea, tot \u00een parcul Expoflora au fost reparate \u0219i jardinierele din beton deja existente \u015fi au fost planta\u0163i arbu\u0219ti ornamentali.<\/p>\n","protected":false},"excerpt":{"rendered":"<p>Rug\u0103mintea a fost postat\u0103, din nou, pe pagina de Facebook a Prim\u0103riei Giurgiu, dup\u0103 ce, la doar c\u00e2teva zile de la amplasare, f\u00e2nt\u00e2na din Parcul Expoflora a fost distrus\u0103.<\/p>\n","protected":false},"author":1,"featured_media":46970,"comment_status":"open","ping_status":"open","sticky":false,"template":"","format":"standard","meta":{"slim_seo":{"title":"Apel etern c\u0103tre unii giurgiuveni: Nu mai distruge\u0163i bunurile de pe domeniul public! - GIURGIU NET","description":"Rug\u0103mintea a fost postat\u0103, din nou, pe pagina de Facebook a Prim\u0103riei Giurgiu, dup\u0103 ce, la doar c\u00e2teva zile de la amplasare, f\u00e2nt\u00e2na din Parcul Expoflora a fost"},"footnotes":""},"categories":[18,26],"tags":[1915,2158],"class_list":{"0":"post-46966","1":"post","2":"type-post","3":"status-publish","4":"format-standard","5":"has-post-thumbnail","7":"category-actual","8":"category-soc","9":"tag-parc-exploflora","10":"tag-primaria-giurgiu"},"_links":{"self":[{"href":"https:\/\/giurgiu-net.ro\/index.php\/wp-json\/wp\/v2\/posts\/46966","targetHints":{"allow":["GET"]}}],"collection":[{"href":"https:\/\/giurgiu-net.ro\/index.php\/wp-json\/wp\/v2\/posts"}],"about":[{"href":"https:\/\/giurgiu-net.ro\/index.php\/wp-json\/wp\/v2\/types\/post"}],"author":[{"embeddable":true,"href":"https:\/\/giurgiu-net.ro\/index.php\/wp-json\/wp\/v2\/users\/1"}],"replies":[{"embeddable":true,"href":"https:\/\/giurgiu-net.ro\/index.php\/wp-json\/wp\/v2\/comments?post=46966"}],"version-history":[{"count":0,"href":"https:\/\/giurgiu-net.ro\/index.php\/wp-json\/wp\/v2\/posts\/46966\/revisions"}],"wp:featuredmedia":[{"embeddable":true,"href":"https:\/\/giurgiu-net.ro\/index.php\/wp-json\/"}],"wp:attachment":[{"href":"https:\/\/giurgiu-net.ro\/index.php\/wp-json\/wp\/v2\/media?parent=46966"}],"wp:term":[{"taxonomy":"category","embeddable":true,"href":"https:\/\/giurgiu-net.ro\/index.php\/wp-json\/wp\/v2\/categories?post=46966"},{"taxonomy":"post_tag","embeddable":true,"href":"https:\/\/giurgiu-net.ro\/index.php\/wp-json\/wp\/v2\/tags?post=46966"}],"curies":[{"name":"wp","href":"https:\/\/api.w.org\/{rel}","templated":true}]}}