{"id":46959,"date":"2016-07-19T10:12:40","date_gmt":"2016-07-19T07:12:40","guid":{"rendered":"http:\/\/giurgiu-net.ro\/?p=46959"},"modified":"2016-07-19T10:12:40","modified_gmt":"2016-07-19T07:12:40","slug":"ideile-tinerilor-arhitecti-pentru-valorificarea-turistica-a-podului-bizetz-preluate-de-municipalitate","status":"publish","type":"post","link":"https:\/\/giurgiu-net.ro\/index.php\/2016\/07\/19\/ideile-tinerilor-arhitecti-pentru-valorificarea-turistica-a-podului-bizetz-preluate-de-municipalitate\/","title":{"rendered":"Ideile tinerilor arhitec\u0163i pentru valorificarea turistic\u0103 a Podului Bizetz, preluate de municipalitate"},"content":{"rendered":"<p><!--more--><\/p>\n<p>Platforme plutitoare pe ap\u0103- astfel \u00eenc\u00e2t turi\u0219tii s\u0103 poat\u0103 admira de aproape frumuse\u021bea naturii-, cafenele \u0219i locuri de popas pe podul pietonal, perdele de ap\u0103 pe laturile podului, pe care s\u0103 poat\u0103 fi proiectate imagini cinematografice, parc\u0103ri \u0219i locuri de popas \u0219i relaxare pentru \u0219oferii de tiruri din apropiere. Acestea sunt doar c\u00e2teva dintre propunerile f\u0103cute de tinerii arhitec\u021bi pentru valorificarea turistic\u0103 a zonei.<\/p>\n<p>Vorbim despre studen\u0163ii arhitec\u0163i ai Universit\u0103\u0163ii de Arhitectur\u0103 \u015fi Urbanism \u201eIon Mincu\u201d Bucure\u015fti, dar \u015fi cei de la Universidad de Alicante \u0219i Escola Tecnica Superior d\u2019Arqitectura de Barcelona, care au participat s\u0103pt\u0103m\u00e2na trecut\u0103 la \u015ecoala de Var\u0103 desf\u0103\u015furat\u0103 la Tab\u0103ra Stejarul din P\u0103durea B\u0103l\u0103noaia.<\/p>\n<p>S\u00e2mb\u0103t\u0103, 16 iulie, la festivitatea de \u00eencheiere a taberei, studen\u0163ii arhitec\u0163i \u0219i-au prezentat pe r\u00e2nd ideile de valorificare turistic\u0103 a Podului Bizetz \u0219i a \u00eemprejurimilor acestuia pornind de la elementele deja existente \u00een zon\u0103. \u00cen realizarea proiectelor, echipele au luat \u00een calcul at\u00e2t punctele forte \u0219i oportunit\u0103\u021bile de dezvoltare ale zonei, c\u00e2t \u0219i punctele slabe \u0219i posibilele riscuri.<\/p>\n\n<p><em>\u201ePrezent\u0103 la eveniment, Ianca Meca, directorul Direc\u021biei Dezvoltare din cadrul Prim\u0103riei, i-a felicitat pe studen\u021bi pentru munca depus\u0103 \u00een timpul acestei activit\u0103\u021bi \u0219i a men\u021bionat c\u0103 municipalitatea va folosi unele dintre aceste idei \u00een realizarea proiectului de modernizare a Podului Bizetz, aflat \u00een etapa de preg\u0103tire a documenta\u021biei tehnico-economice \u00een vederea depunerii pentru finan\u021bare prin fonduri UE nerambursabile (POR 2014-2020, Axa 5 Patrimoniul Cultural), a\u0219a cum a procedat \u0219i \u00een cazul proiectului de amenajare a spa\u021biului adiacent ruinelor cet\u0103\u021bii Mircea, care a fost depus pentru finan\u021bare din fonduri UE\u201d<\/em>, se arat\u0103 \u00eentr-un comunicat de pres\u0103 al celor de la Prim\u0103ria Giurgiu.<\/p>\n<p>&nbsp;<\/p>\n","protected":false},"excerpt":{"rendered":"","protected":false},"author":1,"featured_media":46962,"comment_status":"open","ping_status":"open","sticky":false,"template":"","format":"standard","meta":{"slim_seo":{"title":"Ideile tinerilor arhitec\u0163i pentru valorificarea turistic\u0103 a Podului Bizetz, preluate de municipalitate - GIURGIU NET","description":"Platforme plutitoare pe ap\u0103- astfel \u00eenc\u00e2t turi\u0219tii s\u0103 poat\u0103 admira de aproape frumuse\u021bea naturii-, cafenele \u0219i locuri de popas pe podul pietonal, perdele de ap\u0103"},"footnotes":""},"categories":[19],"tags":[264,2418],"class_list":{"0":"post-46959","1":"post","2":"type-post","3":"status-publish","4":"format-standard","5":"has-post-thumbnail","7":"category-adm","8":"tag-arhitecti-bizetz","9":"tag-scoala-de-vara-stejarul"},"_links":{"self":[{"href":"https:\/\/giurgiu-net.ro\/index.php\/wp-json\/wp\/v2\/posts\/46959","targetHints":{"allow":["GET"]}}],"collection":[{"href":"https:\/\/giurgiu-net.ro\/index.php\/wp-json\/wp\/v2\/posts"}],"about":[{"href":"https:\/\/giurgiu-net.ro\/index.php\/wp-json\/wp\/v2\/types\/post"}],"author":[{"embeddable":true,"href":"https:\/\/giurgiu-net.ro\/index.php\/wp-json\/wp\/v2\/users\/1"}],"replies":[{"embeddable":true,"href":"https:\/\/giurgiu-net.ro\/index.php\/wp-json\/wp\/v2\/comments?post=46959"}],"version-history":[{"count":0,"href":"https:\/\/giurgiu-net.ro\/index.php\/wp-json\/wp\/v2\/posts\/46959\/revisions"}],"wp:featuredmedia":[{"embeddable":true,"href":"https:\/\/giurgiu-net.ro\/index.php\/wp-json\/"}],"wp:attachment":[{"href":"https:\/\/giurgiu-net.ro\/index.php\/wp-json\/wp\/v2\/media?parent=46959"}],"wp:term":[{"taxonomy":"category","embeddable":true,"href":"https:\/\/giurgiu-net.ro\/index.php\/wp-json\/wp\/v2\/categories?post=46959"},{"taxonomy":"post_tag","embeddable":true,"href":"https:\/\/giurgiu-net.ro\/index.php\/wp-json\/wp\/v2\/tags?post=46959"}],"curies":[{"name":"wp","href":"https:\/\/api.w.org\/{rel}","templated":true}]}}