{"id":46936,"date":"2016-07-12T11:16:22","date_gmt":"2016-07-12T08:16:22","guid":{"rendered":"http:\/\/giurgiu-net.ro\/?p=46936"},"modified":"2016-07-12T11:16:22","modified_gmt":"2016-07-12T08:16:22","slug":"doi-noi-directori-interimari-la-subordonatele-din-cj-numirile-vor-fi-facute-vineri-in-prima-sedinta-ordinara","status":"publish","type":"post","link":"https:\/\/giurgiu-net.ro\/index.php\/2016\/07\/12\/doi-noi-directori-interimari-la-subordonatele-din-cj-numirile-vor-fi-facute-vineri-in-prima-sedinta-ordinara\/","title":{"rendered":"Doi noi directori interimari la subordonatele din CJ. Numirile vor fi f\u0103cute vineri, \u00een prima \u0219edin\u021b\u0103 ordinar\u0103"},"content":{"rendered":"<p>Dup\u0103 demisiile din func\u021biile de directori ale lui Marian M\u0103roiu \u0219i Ion Mateescu (Direc\u0163ia Jude\u0163ean\u0103 de Dezvoltare Rural\u0103 \u015fi Protec\u0163ia Mediului, respectiv Direc\u0163ia Jude\u0163ean\u0103 de Transport, Administrarea Drumurilor Jude\u0163ene \u015fi Control Trafic Giurgiu), cele dou\u0103 posturi au r\u0103mas vacante \u0219i urmeaz\u0103 a fi ocupate de Alin Gu\u021bu, respectiv\u00a0Gina Budrinc\u0103.<\/p>\n<p>Cei doi urmeaz\u0103 s\u0103 \u00ee\u0219i primeasc\u0103 numirile \u2013 tempoare, pe o perioad\u0103 de p\u00e2n\u0103 la \u0219ase luni \u2013 \u00een urma \u0219edin\u021bei CJ de vineri, 15 iulie. Propunerile de numire ale celor doi au trecut deja de comisiile de specialitate.<\/p>\n<p>Preluare www.giurgiu-acum.ro<\/p>\n","protected":false},"excerpt":{"rendered":"<p>Dup\u0103 demisiile din func\u021biile de directori ale lui Marian M\u0103roiu \u0219i Ion Mateescu (Direc\u0163ia Jude\u0163ean\u0103 de Dezvoltare Rural\u0103 \u015fi Protec\u0163ia Mediului, respectiv Direc\u0163ia Jude\u0163ean\u0103 de Transport, Administrarea Drumurilor Jude\u0163ene \u015fi Control Trafic Giurgiu), cele dou\u0103 posturi au r\u0103mas vacante \u0219i urmeaz\u0103 a fi ocupate de Alin Gu\u021bu, respectiv\u00a0Gina Budrinc\u0103. Cei doi urmeaz\u0103 s\u0103 \u00ee\u0219i primeasc\u0103 [&hellip;]<\/p>\n","protected":false},"author":1,"featured_media":46663,"comment_status":"open","ping_status":"open","sticky":false,"template":"","format":"standard","meta":{"slim_seo":{"title":"Doi noi directori interimari la subordonatele din CJ. Numirile vor fi f\u0103cute vineri, \u00een prima \u0219edin\u021b\u0103 ordinar\u0103 - GIURGIU NET","description":"Dup\u0103 demisiile din func\u021biile de directori ale lui Marian M\u0103roiu \u0219i Ion Mateescu (Direc\u0163ia Jude\u0163ean\u0103 de Dezvoltare Rural\u0103 \u015fi Protec\u0163ia Mediului, respectiv Direc\u0163"},"footnotes":""},"categories":[19],"tags":[],"class_list":{"0":"post-46936","1":"post","2":"type-post","3":"status-publish","4":"format-standard","5":"has-post-thumbnail","7":"category-adm"},"_links":{"self":[{"href":"https:\/\/giurgiu-net.ro\/index.php\/wp-json\/wp\/v2\/posts\/46936","targetHints":{"allow":["GET"]}}],"collection":[{"href":"https:\/\/giurgiu-net.ro\/index.php\/wp-json\/wp\/v2\/posts"}],"about":[{"href":"https:\/\/giurgiu-net.ro\/index.php\/wp-json\/wp\/v2\/types\/post"}],"author":[{"embeddable":true,"href":"https:\/\/giurgiu-net.ro\/index.php\/wp-json\/wp\/v2\/users\/1"}],"replies":[{"embeddable":true,"href":"https:\/\/giurgiu-net.ro\/index.php\/wp-json\/wp\/v2\/comments?post=46936"}],"version-history":[{"count":0,"href":"https:\/\/giurgiu-net.ro\/index.php\/wp-json\/wp\/v2\/posts\/46936\/revisions"}],"wp:featuredmedia":[{"embeddable":true,"href":"https:\/\/giurgiu-net.ro\/index.php\/wp-json\/"}],"wp:attachment":[{"href":"https:\/\/giurgiu-net.ro\/index.php\/wp-json\/wp\/v2\/media?parent=46936"}],"wp:term":[{"taxonomy":"category","embeddable":true,"href":"https:\/\/giurgiu-net.ro\/index.php\/wp-json\/wp\/v2\/categories?post=46936"},{"taxonomy":"post_tag","embeddable":true,"href":"https:\/\/giurgiu-net.ro\/index.php\/wp-json\/wp\/v2\/tags?post=46936"}],"curies":[{"name":"wp","href":"https:\/\/api.w.org\/{rel}","templated":true}]}}