{"id":46932,"date":"2016-07-12T10:17:11","date_gmt":"2016-07-12T07:17:11","guid":{"rendered":"http:\/\/giurgiu-net.ro\/?p=46932"},"modified":"2016-07-12T10:17:11","modified_gmt":"2016-07-12T07:17:11","slug":"program-normal-la-primaria-giurgiu","status":"publish","type":"post","link":"https:\/\/giurgiu-net.ro\/index.php\/2016\/07\/12\/program-normal-la-primaria-giurgiu\/","title":{"rendered":"Program normal la Prim\u0103ria Giurgiu"},"content":{"rendered":"<p>Federa\u0163ia Na\u0163ional\u0103 a Sindicatelor din Administra\u0163ie (FNSA) a anun\u0163at grev\u0103 grev\u0103 general\u0103 pentru ziua de mar\u0163i, cu \u00eentreruperea activit\u0103\u0163ii pe durata \u00eentregului program de lucru.<!--more--><\/p>\n<p>Sindicali\u015ftii sus\u0163in c\u0103, dup\u0103 ce au convenit cu oficialii de la Ministerul Muncii norma de hran\u0103 \u015fi tichetele de vacan\u0163\u0103 \u015fi o anumit\u0103 cre\u015ftere salarial\u0103, atunci c\u00e2nd documentul trebuia semnat, acesta nu mai con\u0163inea revendic\u0103rile men\u0163ionate. Pe data de 5 iulie, sindicali\u015ftii din administra\u0163ia local\u0103 au organizat o grev\u0103 de o or\u0103.<\/p>\n<div class=\"inline-banner inline-banner--300x250\"><\/div>\n<p>\u201eAv\u00e2nd \u00een vedere e\u015fecul negocierilor din data de 08.07.2016 pe marginea revendic\u0103rilor salaria\u0163ilor din administra\u0163ia public\u0103 local\u0103 din Rom\u00e2nia, Federa\u0163ia Na\u0163ional\u0103 a Sindicatelor din Administra\u0163ie (FNSA) continu\u0103 ac\u0163iunile de protest, organiz\u00e2nd \u00een data de 12.07.2016 grev\u0103 general\u0103 cu \u00eentreruperea activit\u0103\u0163ii pe durata \u00eentregului program de lucru.<\/p>\n<p>Referitor la norma de hran\u0103 \u015fi tichetele de vacan\u0163\u0103, Ministrul Muncii se angaja ca \u00een prima \u015fedin\u0163\u0103 de guvern dup\u0103 terminarea vacan\u0163ei parlamentare \u2013 07.09.2016 s\u0103 promoveze un act normativ care s\u0103 reglementeze acordarea acestora pentru salaria\u0163ii din administra\u0163ia public\u0103 local\u0103.<\/p>\n<p>Referitor la cre\u015fterea salarial\u0103, \u00eencep\u00e2nd cu data de 15 iulie, vor fi demarate discu\u0163iile pentru legea unitar\u0103 de salarizare, pornind de la principiile Legii nr. 284\/2010 \u015fi valoarea punctului de referin\u0163\u0103 1250. \u00cen cadrul acestei legi, administra\u0163ia public\u0103 local\u0103 din Rom\u00e2nia urma a fi considerat\u0103 o ramur\u0103 prioritar\u0103, deoarece este necesar\u0103 reducerea discrepan\u0163elor salariale \u00een raport cu celelalte sectoare bugetare.<\/p>\n<p>\u00cen momentul \u00een care ne-a fost returnat pentru a fi semnat, acesta nu mai con\u0163inea nicio referire la cele convenite, lipseau termenele clare de finalizare \u015fi angajamentele ferme. \u00cen schimb, a fost introdus un angajament al reprezentan\u0163ilor Guvernului Rom\u00e2niei de formare al unui grup de lucru care s\u0103 analizeze posibilitatea acord\u0103rii drepturilor solicitate.<\/p>\n<p>Din aceste considerente \u015fi datorit\u0103 lipsei de seriozitate a reprezentan\u0163ilor Guvernului Rom\u00e2niei \u00een a solu\u0163iona problemele grave cu care se confrunt\u0103 salaria\u0163ii din administra\u0163ia public\u0103 local\u0103 din Rom\u00e2nia, FNSA va continua ac\u0163iunile de protest \u015fi va organiza, \u00een data de 12.07.2016, grev\u0103 general\u0103 cu \u00eentreruperea programului de lucru pe durata \u00eentregii zile.<\/p>\n<p>Adres\u0103m un apel c\u0103tre to\u0163i salaria\u0163ii din administra\u0163ia public\u0103 local\u0103 din Rom\u00e2nia s\u0103 se solidarizeze cu demersurile colegilor reprezentan\u0163i de c\u0103tre FNSA, s\u0103 \u00een\u0163eleag\u0103 c\u0103 doar \u00eempreun\u0103 vom reu\u015fi s\u0103 elimin\u0103m discriminarea de natur\u0103 salarial\u0103 la care suntem supu\u015fi \u00een raport cu administra\u0163ia central\u0103\u201d, se men\u0163ioneaz\u0103 \u00eentr-un comunicat al FNSA.<\/p>\n<p>Conform informa\u021biilor primite de la Prim\u0103ria municipiului Giurgiu, programul de lucru cu cet\u0103\u021benii\u00a0este respectat, institu\u021bia nefiind implicat\u0103 \u00een greva colegilor din \u021bar\u0103.<\/p>\n<p>Preluare giurgiu-acum.ro<\/p>\n","protected":false},"excerpt":{"rendered":"<p>Federa\u0163ia Na\u0163ional\u0103 a Sindicatelor din Administra\u0163ie (FNSA) a anun\u0163at grev\u0103 grev\u0103 general\u0103 pentru ziua de mar\u0163i, cu \u00eentreruperea activit\u0103\u0163ii pe durata \u00eentregului program de lucru.<\/p>\n","protected":false},"author":1,"featured_media":46935,"comment_status":"open","ping_status":"open","sticky":false,"template":"","format":"standard","meta":{"slim_seo":{"title":"Program normal la Prim\u0103ria Giurgiu - GIURGIU NET","description":"Federa\u0163ia Na\u0163ional\u0103 a Sindicatelor din Administra\u0163ie (FNSA) a anun\u0163at grev\u0103 grev\u0103 general\u0103 pentru ziua de mar\u0163i, cu \u00eentreruperea activit\u0103\u0163ii pe durata \u00eentregulu"},"footnotes":""},"categories":[19],"tags":[],"class_list":{"0":"post-46932","1":"post","2":"type-post","3":"status-publish","4":"format-standard","5":"has-post-thumbnail","7":"category-adm"},"_links":{"self":[{"href":"https:\/\/giurgiu-net.ro\/index.php\/wp-json\/wp\/v2\/posts\/46932","targetHints":{"allow":["GET"]}}],"collection":[{"href":"https:\/\/giurgiu-net.ro\/index.php\/wp-json\/wp\/v2\/posts"}],"about":[{"href":"https:\/\/giurgiu-net.ro\/index.php\/wp-json\/wp\/v2\/types\/post"}],"author":[{"embeddable":true,"href":"https:\/\/giurgiu-net.ro\/index.php\/wp-json\/wp\/v2\/users\/1"}],"replies":[{"embeddable":true,"href":"https:\/\/giurgiu-net.ro\/index.php\/wp-json\/wp\/v2\/comments?post=46932"}],"version-history":[{"count":0,"href":"https:\/\/giurgiu-net.ro\/index.php\/wp-json\/wp\/v2\/posts\/46932\/revisions"}],"wp:featuredmedia":[{"embeddable":true,"href":"https:\/\/giurgiu-net.ro\/index.php\/wp-json\/"}],"wp:attachment":[{"href":"https:\/\/giurgiu-net.ro\/index.php\/wp-json\/wp\/v2\/media?parent=46932"}],"wp:term":[{"taxonomy":"category","embeddable":true,"href":"https:\/\/giurgiu-net.ro\/index.php\/wp-json\/wp\/v2\/categories?post=46932"},{"taxonomy":"post_tag","embeddable":true,"href":"https:\/\/giurgiu-net.ro\/index.php\/wp-json\/wp\/v2\/tags?post=46932"}],"curies":[{"name":"wp","href":"https:\/\/api.w.org\/{rel}","templated":true}]}}