{"id":46929,"date":"2016-07-12T10:04:33","date_gmt":"2016-07-12T07:04:33","guid":{"rendered":"http:\/\/giurgiu-net.ro\/?p=46929"},"modified":"2016-07-12T10:04:33","modified_gmt":"2016-07-12T07:04:33","slug":"o-noua-editie-a-scolii-de-vara-internationale-de-arhitectura","status":"publish","type":"post","link":"https:\/\/giurgiu-net.ro\/index.php\/2016\/07\/12\/o-noua-editie-a-scolii-de-vara-internationale-de-arhitectura\/","title":{"rendered":"O nou\u0103 edi\u021bie a \u0218colii de var\u0103 interna\u021bionale de arhitectur\u0103"},"content":{"rendered":"<p>Ajuns\u0103 la a patra edi\u021bie,\u00a0\u0218coala de var\u0103 interna\u021bional\u0103 de arhitectur\u0103 \u0219i-a deschis por\u021bile.\u00cen organizarea\u00a0Prim\u0103riei Municipiului Giurgiu, prin Compartimentul Arhitectur\u0103 Urban\u0103 \u0219i Amenajarea Teritoriului, \u00een colaborare cu Universitatea de Arhitectur\u0103 \u0219i Urbanism \u201cIon Mincu\u201d Bucure\u0219ti, Universidad de Alicante, Escola Tecnica Superior d\u2019Arquitectura de Barcelona, \u00een perioada 11- 17 iulie, studen\u021bii la arhitectur\u0103 din mai multe \u021b\u0103ri vor realiza o serie de proiecte care, mai apoi, ar putea deveni realitate \u00een municipiu.<\/p>\n<p>Tema \u0219colii de var\u0103 de anul acesta este \u201cVALORIFICAREA TURISTIC\u0102 A PODULUI BIZETZ \u0218I REVITALIZAREA ZONEI ADIACENTE\u201d. Rezultatele \u0219colii de var\u0103 vor fi prezentate \u00eentr-o expozi\u021bie viitoare.<\/p>\n","protected":false},"excerpt":{"rendered":"<p>Ajuns\u0103 la a patra edi\u021bie,\u00a0\u0218coala de var\u0103 interna\u021bional\u0103 de arhitectur\u0103 \u0219i-a deschis por\u021bile.\u00cen organizarea\u00a0Prim\u0103riei Municipiului Giurgiu, prin Compartimentul Arhitectur\u0103 Urban\u0103 \u0219i Amenajarea Teritoriului, \u00een colaborare cu Universitatea de Arhitectur\u0103 \u0219i Urbanism \u201cIon Mincu\u201d Bucure\u0219ti, Universidad de Alicante, Escola Tecnica Superior d\u2019Arquitectura de Barcelona, \u00een perioada 11- 17 iulie, studen\u021bii la arhitectur\u0103 din mai multe \u021b\u0103ri [&hellip;]<\/p>\n","protected":false},"author":1,"featured_media":46930,"comment_status":"open","ping_status":"open","sticky":false,"template":"","format":"standard","meta":{"slim_seo":{"title":"O nou\u0103 edi\u021bie a \u0218colii de var\u0103 interna\u021bionale de arhitectur\u0103 - GIURGIU NET","description":"Ajuns\u0103 la a patra edi\u021bie,\u00a0\u0218coala de var\u0103 interna\u021bional\u0103 de arhitectur\u0103 \u0219i-a deschis por\u021bile.\u00cen organizarea\u00a0Prim\u0103riei Municipiului Giurgiu, prin Compartimentul A"},"footnotes":""},"categories":[19],"tags":[],"class_list":{"0":"post-46929","1":"post","2":"type-post","3":"status-publish","4":"format-standard","5":"has-post-thumbnail","7":"category-adm"},"_links":{"self":[{"href":"https:\/\/giurgiu-net.ro\/index.php\/wp-json\/wp\/v2\/posts\/46929","targetHints":{"allow":["GET"]}}],"collection":[{"href":"https:\/\/giurgiu-net.ro\/index.php\/wp-json\/wp\/v2\/posts"}],"about":[{"href":"https:\/\/giurgiu-net.ro\/index.php\/wp-json\/wp\/v2\/types\/post"}],"author":[{"embeddable":true,"href":"https:\/\/giurgiu-net.ro\/index.php\/wp-json\/wp\/v2\/users\/1"}],"replies":[{"embeddable":true,"href":"https:\/\/giurgiu-net.ro\/index.php\/wp-json\/wp\/v2\/comments?post=46929"}],"version-history":[{"count":0,"href":"https:\/\/giurgiu-net.ro\/index.php\/wp-json\/wp\/v2\/posts\/46929\/revisions"}],"wp:featuredmedia":[{"embeddable":true,"href":"https:\/\/giurgiu-net.ro\/index.php\/wp-json\/"}],"wp:attachment":[{"href":"https:\/\/giurgiu-net.ro\/index.php\/wp-json\/wp\/v2\/media?parent=46929"}],"wp:term":[{"taxonomy":"category","embeddable":true,"href":"https:\/\/giurgiu-net.ro\/index.php\/wp-json\/wp\/v2\/categories?post=46929"},{"taxonomy":"post_tag","embeddable":true,"href":"https:\/\/giurgiu-net.ro\/index.php\/wp-json\/wp\/v2\/tags?post=46929"}],"curies":[{"name":"wp","href":"https:\/\/api.w.org\/{rel}","templated":true}]}}