{"id":46234,"date":"2016-06-05T11:27:08","date_gmt":"2016-06-05T08:27:08","guid":{"rendered":"http:\/\/giurgiu-net.ro\/?p=46234"},"modified":"2016-06-05T11:27:08","modified_gmt":"2016-06-05T08:27:08","slug":"marian-mina-trebuie-sa-fim-toti-de-partea-giurgiului-pentru-ca-asa-vom-putea-pune-in-practica-solutiile-pe-care-toti-le-asteapta","status":"publish","type":"post","link":"https:\/\/giurgiu-net.ro\/index.php\/2016\/06\/05\/marian-mina-trebuie-sa-fim-toti-de-partea-giurgiului-pentru-ca-asa-vom-putea-pune-in-practica-solutiile-pe-care-toti-le-asteapta\/","title":{"rendered":"Marian Mina: \u201eTrebuie s\u0103 fim to\u0163i de partea Giurgiului, pentru c\u0103 a\u015fa vom putea pune \u00een practic\u0103 solu\u0163iile pe care to\u0163i le a\u015fteapt\u0103!\u201d"},"content":{"rendered":"<p>\u00cen jurul orei 10.00, la sec\u0163ia de votare amenajat\u0103 \u00een incinta \u015ecolii Generale \u201eMircea cel B\u0103tr\u00e2n\u201d din municipiu \u015fi-a exercitat acest drept \u015fi politicianul giurgiuvean, Marian Mina.<!--more--><\/p>\n\n<p><em>\u201eA venit momentul s\u0103 vot\u0103m pentru dezvoltare, pentru un ora\u0219 \u015fi un jude\u0163 europene, pentru solu\u0163ii la problemele din Giurgiu. Vorbim despre solu\u0163ii care vor face mai bun\u0103 via\u0163a giurgiuvenilor \u015fi pe care le putem pune \u00een practic\u0103, doar dac\u0103 lucr\u0103m \u00eempreun\u0103! Trebuie s\u0103 fim to\u0163i de partea Giurgiului, pentru c\u0103 a\u015fa vom putea pune \u00een practic\u0103 solu\u0163iile pe care to\u0163i le a\u015fteapt\u0103!\u201d<\/em>, a transmis Marian Mina tututor giurgiuvenilor din municipiu \u015fi jude\u0163.<\/p>\n<p>&nbsp;<\/p>\n","protected":false},"excerpt":{"rendered":"<p>\u00cen jurul orei 10.00, la sec\u0163ia de votare amenajat\u0103 \u00een incinta \u015ecolii Generale \u201eMircea cel B\u0103tr\u00e2n\u201d din municipiu \u015fi-a exercitat acest drept \u015fi politicianul giurgiuvean, Marian Mina.<\/p>\n","protected":false},"author":1,"featured_media":46238,"comment_status":"open","ping_status":"open","sticky":false,"template":"","format":"standard","meta":{"slim_seo":{"title":"Marian Mina: \u201eTrebuie s\u0103 fim to\u0163i de partea Giurgiului, pentru c\u0103 a\u015fa vom putea pune \u00een practic\u0103 solu\u0163iile pe care to\u0163i le a\u015fteapt\u0103!\u201d - GIURGIU NET","description":"\u00cen jurul orei 10.00, la sec\u0163ia de votare amenajat\u0103 \u00een incinta \u015ecolii Generale \u201eMircea cel B\u0103tr\u00e2n\u201d din municipiu \u015fi-a exercitat acest drept \u015fi politicianul giurg"},"footnotes":""},"categories":[18,25,28],"tags":[157,1626],"class_list":{"0":"post-46234","1":"post","2":"type-post","3":"status-publish","4":"format-standard","5":"has-post-thumbnail","7":"category-actual","8":"category-pol","9":"category-uo","10":"tag-alegeri-2016","11":"tag-marian-mina"},"_links":{"self":[{"href":"https:\/\/giurgiu-net.ro\/index.php\/wp-json\/wp\/v2\/posts\/46234","targetHints":{"allow":["GET"]}}],"collection":[{"href":"https:\/\/giurgiu-net.ro\/index.php\/wp-json\/wp\/v2\/posts"}],"about":[{"href":"https:\/\/giurgiu-net.ro\/index.php\/wp-json\/wp\/v2\/types\/post"}],"author":[{"embeddable":true,"href":"https:\/\/giurgiu-net.ro\/index.php\/wp-json\/wp\/v2\/users\/1"}],"replies":[{"embeddable":true,"href":"https:\/\/giurgiu-net.ro\/index.php\/wp-json\/wp\/v2\/comments?post=46234"}],"version-history":[{"count":0,"href":"https:\/\/giurgiu-net.ro\/index.php\/wp-json\/wp\/v2\/posts\/46234\/revisions"}],"wp:featuredmedia":[{"embeddable":true,"href":"https:\/\/giurgiu-net.ro\/index.php\/wp-json\/"}],"wp:attachment":[{"href":"https:\/\/giurgiu-net.ro\/index.php\/wp-json\/wp\/v2\/media?parent=46234"}],"wp:term":[{"taxonomy":"category","embeddable":true,"href":"https:\/\/giurgiu-net.ro\/index.php\/wp-json\/wp\/v2\/categories?post=46234"},{"taxonomy":"post_tag","embeddable":true,"href":"https:\/\/giurgiu-net.ro\/index.php\/wp-json\/wp\/v2\/tags?post=46234"}],"curies":[{"name":"wp","href":"https:\/\/api.w.org\/{rel}","templated":true}]}}