{"id":45860,"date":"2016-05-26T13:32:54","date_gmt":"2016-05-26T10:32:54","guid":{"rendered":"http:\/\/giurgiu-net.ro\/?p=45860"},"modified":"2016-05-26T13:32:54","modified_gmt":"2016-05-26T10:32:54","slug":"nu-ne-e-frica-nu-e-frica-de-bye-bye","status":"publish","type":"post","link":"https:\/\/giurgiu-net.ro\/index.php\/2016\/05\/26\/nu-ne-e-frica-nu-e-frica-de-bye-bye\/","title":{"rendered":"Nu ne e fric\u0103, nu e fric\u0103 de&#8230; bye-bye!"},"content":{"rendered":"<p>B\u0103i, frate, nimic, da\u2019 nimic n-ai voie s\u0103 scrii despre \u201emarele \u015fi tarele, unicul, singurul, adev\u0103ratul\u201d &#8222;guru&#8221; al lor! Imediat s-apuc\u0103 s\u0103 strige cum c\u0103, de fapt, m\u0103n\u00e2nci castane \u015fi c\u0103 \u0163ie \u015fi tuturor neamurilor, prietenilor, \u015fefilor \u015fi sfin\u0163ilor doar v-ar tremura stache\u0163ii de frica domniei sale&#8230; Nu z\u0103u!<!--more--><\/p>\n<p><img loading=\"lazy\" decoding=\"async\" class=\"aligncenter size-large wp-image-45869\" src=\"https:\/\/giurgiu-net.ro\/wp-content\/uploads\/2016\/05\/floricel-1-300x286.jpg\" alt=\"floricel 1\" width=\"300\" height=\"286\" \/>P\u0103i, uite, de exemplu, n-ai voie s\u0103 consta\u0163i, chiar\u00a0f\u0103r\u0103 r\u0103utate!,\u00a0faptul c\u0103 a trecut pe bannerele dinaintea campaniei ni\u015fte<strong> mesaje absolut rupte de realitatea urban\u0103<\/strong>&#8230;<\/p>\n<p><img loading=\"lazy\" decoding=\"async\" class=\"aligncenter wp-image-45861 size-full\" src=\"https:\/\/giurgiu-net.ro\/wp-content\/uploads\/2016\/05\/floricel-4.jpg\" alt=\"floricel 4\" width=\"789\" height=\"558\" \/><\/p>\n<p>Zic ei e\u015fti &#8222;fricos&#8221; dac\u0103 aminte\u015fti cum, \u00een 2012, personajul a f\u0103cut TOT ce i-a stat \u00een putin\u0163\u0103 ca s\u0103-l dea jos de la Prim\u0103ria Giurgiu pe<strong> Lucian Iliescu<\/strong> pe care acum \u00eel prezint\u0103 <strong>drept cel mai mare sus\u0163in\u0103tor al s\u0103u&#8230;<\/strong><\/p>\n<p><img loading=\"lazy\" decoding=\"async\" class=\"aligncenter size-large wp-image-45868\" src=\"https:\/\/giurgiu-net.ro\/wp-content\/uploads\/2016\/05\/culisetr-300x202.jpg\" alt=\"culisetr\" width=\"300\" height=\"202\" \/><\/p>\n<p><img loading=\"lazy\" decoding=\"async\" class=\"aligncenter wp-image-45867 size-full\" src=\"https:\/\/giurgiu-net.ro\/wp-content\/uploads\/2016\/05\/1Notabilitati-Giurgiu.jpg\" alt=\"1Notabilitati-Giurgiu\" width=\"800\" height=\"340\" \/><\/p>\n<p><img loading=\"lazy\" decoding=\"async\" class=\"aligncenter wp-image-45872 size-full\" src=\"https:\/\/giurgiu-net.ro\/wp-content\/uploads\/2016\/05\/pnl-4.jpg\" alt=\"pnl 4\" width=\"903\" height=\"348\" \/><\/p>\n<p>\u00cen mintea lor, cic\u0103 \u0163i-ar tremura\u00a0toate alea, dac\u0103 le spui oamenilor, <strong>s\u0103 \u015ftie, c\u0103 a\u015fa-i corect!<\/strong>, c\u0103 &#8216;mnealui a fost un\u00a0PSD-ist convins, l\u0103ud\u00e2nd fiecare mi\u015fcare de-ale lui Victor Ponta \u015fi Niculae B\u0103d\u0103l\u0103u, \u00een timp ce acum&#8230; aproape c\u0103 nu se mai recunoa\u015fte pe sine!<\/p>\n<p><img loading=\"lazy\" decoding=\"async\" class=\"aligncenter wp-image-45862 size-full\" src=\"https:\/\/giurgiu-net.ro\/wp-content\/uploads\/2016\/05\/florian-nicolae.jpg\" alt=\"florian-nicolae\" width=\"800\" height=\"475\" \/> <img loading=\"lazy\" decoding=\"async\" class=\"aligncenter wp-image-45863 size-full\" src=\"https:\/\/giurgiu-net.ro\/wp-content\/uploads\/2016\/05\/floricel-5.jpg\" alt=\"floricel 5\" width=\"1193\" height=\"710\" \/><\/p>\n<p>&nbsp;<\/p>\n<p>Nu mai zic ce o s\u0103 zic\u0103\u00a0dac\u0103 preiei, complet neutru, ce declar\u0103\u00a0alt candidat: cum c\u0103 \u201eguru\u201d Floricel i-ar fi &#8222;\u00eemprumutat&#8221; f\u0103r\u0103 s\u0103-i cear\u0103 voie sloganul electoral:<\/p>\n<h1 class=\"entry-title\">&#8222;Noru\u0163 St\u0103ni\u015fteanu, PML: S\u0103-i fie ru\u015fine lui Nicolae Florian! Mi-a furat sloganul de campanie&#8221;(Vocea Giurgiului)<\/h1>\n<p><img loading=\"lazy\" decoding=\"async\" class=\"aligncenter wp-image-45864 size-full\" src=\"https:\/\/giurgiu-net.ro\/wp-content\/uploads\/2016\/05\/miscarea-liberala.jpg\" alt=\"miscarea-liberala\" width=\"650\" height=\"393\" \/><\/p>\n<p>(foto Opinia Giurgiuveanului)<\/p>\n<p>Mam\u0103, nici s\u0103 nu \u00eendr\u0103zne\u015fti s\u0103 consta\u0163i, dup\u0103 ce urm\u0103re\u015fti toate cele 2 emisiuni electorale cu el &#8211; la posturi adev\u0103rate, c\u0103, frate, <strong>chiar nu le are cu exprimarea ideilor.<\/strong>..!\u00a0E\u015fti \u201ehalit\u201d, pe Facebook, \u015fi dac\u0103 le spui oamenilor s\u0103 aib\u0103 mare grij\u0103, \u00eentruc\u00e2t in<strong>vestitori pentru care a garantat domnia sa ar fi tras \u00een \u0163eap\u0103 concet\u0103\u0163eni,<\/strong> de\u015fi nu dezmint \u00een vreun fel trista \u00eent\u00e2mplare! Cic\u0103 \u0163i-e fric\u0103&#8230;<\/p>\n<p><img loading=\"lazy\" decoding=\"async\" class=\"aligncenter wp-image-45865 size-full\" src=\"https:\/\/giurgiu-net.ro\/wp-content\/uploads\/2016\/05\/floricel-6.jpg\" alt=\"floricel 6\" width=\"744\" height=\"378\" \/><\/p>\n<p>Frate, nici m\u0103car n-ai voie s\u0103 ar\u0103\u0163i c\u0103 \u00eenc\u0103 o <strong>o\u0163el\u0103rie, \u015fapte mii de mega-sere<\/strong> \u015fi alte asemenea treburi- pe care probabil l-au pus al\u0163ii s\u0103 le zic\u0103- n-or s\u0103 poat\u0103 fi f\u0103cute nu \u00een 4 ani, nici \u00een 8, nu la Giurgiu \u015fi nu de el!<\/p>\n<p>\u015ei, probabil \u00een speran\u0163a c\u0103 &#8222;frica&#8221; nu s-o lua,\u00a0sunt distribuite \u00een draci\u00a0pe feisbuc poze cu deputatul \u015fi un copila\u015f, \u0163in\u00e2ndu-se de m\u00e2n\u0103, ca dovad\u0103, g\u00e2ndim,\u00a0c\u0103 dac\u0103 micu\u0163ilor nu pare a le fi fric\u0103 de el, ap\u0103i \u015fi oamenii mari ar trebui s\u0103 doarm\u0103 lini\u015fti\u0163i. Mi\u015fc\u0103tor, emo\u0163ionant p\u00e2n\u0103 la lacrimi, pe bune&#8230;<\/p>\n<p>Bie\u0163ii, dac\u0103 ar fi s\u0103 mergem pe logica asta a lor, ne g\u00e2ndim: ce-o fi \u00een sufle\u0163elul \u0103la al lor, av\u00e2nd \u00een vedere ce campanie <span style=\"text-decoration: underline;\"><em>horror<\/em><\/span>\u00a0duc, mai ales \u00een online, \u00eempotriva oricui nu e de partea lor?<\/p>\n<p>Redac\u0163ia cea Rea<\/p>\n<p><em>P.S.: Fotografia principal\u0103 reprezint\u0103 un trucaj- pamflet \u015fi trebuie tratat\u0103 ca atare(cu z\u00e2mbete, desigur)<\/em><\/p>\n<p>&nbsp;<\/p>\n","protected":false},"excerpt":{"rendered":"<p>B\u0103i, frate, nimic, da\u2019 nimic n-ai voie s\u0103 scrii despre \u201emarele \u015fi tarele, unicul, singurul, adev\u0103ratul\u201d &#8222;guru&#8221; al lor! Imediat s-apuc\u0103 s\u0103 strige cum c\u0103, de fapt, m\u0103n\u00e2nci castane \u015fi c\u0103 \u0163ie \u015fi tuturor neamurilor, prietenilor, \u015fefilor \u015fi sfin\u0163ilor doar v-ar tremura stache\u0163ii de frica domniei sale&#8230; Nu z\u0103u!<\/p>\n","protected":false},"author":1,"featured_media":45869,"comment_status":"open","ping_status":"open","sticky":false,"template":"","format":"standard","meta":{"slim_seo":{"title":"Nu ne e fric\u0103, nu e fric\u0103 de... bye-bye! - GIURGIU NET","description":"B\u0103i, frate, nimic, da\u2019 nimic n-ai voie s\u0103 scrii despre \u201emarele \u015fi tarele, unicul, singurul, adev\u0103ratul\u201d \"guru\" al lor! Imediat s-apuc\u0103 s\u0103 strige cum c\u0103, de fapt"},"footnotes":""},"categories":[18,20,25],"tags":[157,1125,2027],"class_list":["post-45860","post","type-post","status-publish","format-standard","has-post-thumbnail","category-actual","category-edit","category-pol","tag-alegeri-2016","tag-florian-nicolae","tag-pnl-giurgiu"],"_links":{"self":[{"href":"https:\/\/giurgiu-net.ro\/index.php\/wp-json\/wp\/v2\/posts\/45860","targetHints":{"allow":["GET"]}}],"collection":[{"href":"https:\/\/giurgiu-net.ro\/index.php\/wp-json\/wp\/v2\/posts"}],"about":[{"href":"https:\/\/giurgiu-net.ro\/index.php\/wp-json\/wp\/v2\/types\/post"}],"author":[{"embeddable":true,"href":"https:\/\/giurgiu-net.ro\/index.php\/wp-json\/wp\/v2\/users\/1"}],"replies":[{"embeddable":true,"href":"https:\/\/giurgiu-net.ro\/index.php\/wp-json\/wp\/v2\/comments?post=45860"}],"version-history":[{"count":0,"href":"https:\/\/giurgiu-net.ro\/index.php\/wp-json\/wp\/v2\/posts\/45860\/revisions"}],"wp:attachment":[{"href":"https:\/\/giurgiu-net.ro\/index.php\/wp-json\/wp\/v2\/media?parent=45860"}],"wp:term":[{"taxonomy":"category","embeddable":true,"href":"https:\/\/giurgiu-net.ro\/index.php\/wp-json\/wp\/v2\/categories?post=45860"},{"taxonomy":"post_tag","embeddable":true,"href":"https:\/\/giurgiu-net.ro\/index.php\/wp-json\/wp\/v2\/tags?post=45860"}],"curies":[{"name":"wp","href":"https:\/\/api.w.org\/{rel}","templated":true}]}}