{"id":45447,"date":"2016-05-09T16:56:57","date_gmt":"2016-05-09T13:56:57","guid":{"rendered":"http:\/\/giurgiu-net.ro\/?p=45447"},"modified":"2016-05-09T16:56:57","modified_gmt":"2016-05-09T13:56:57","slug":"un-giurgiuvean-a-amenintat-iar-ca-se-arunca-de-pe-casa-tineretului-cine-este-cel-care-l-a-salvat-a-doua-oara-detalii-in-exclusivitate","status":"publish","type":"post","link":"https:\/\/giurgiu-net.ro\/index.php\/2016\/05\/09\/un-giurgiuvean-a-amenintat-iar-ca-se-arunca-de-pe-casa-tineretului-cine-este-cel-care-l-a-salvat-a-doua-oara-detalii-in-exclusivitate\/","title":{"rendered":"Un giurgiuvean a amenin\u0163at iar c\u0103 se arunc\u0103 de pe Casa Tineretului! Cine este cel care l-a salvat a doua oar\u0103? Detalii \u00een EXCLUSIVITATE!"},"content":{"rendered":"<p>Un b\u0103rbat, \u00een v\u00e2rst\u0103 de circa 40 de ani, din Uzunu, a dat iar b\u0103t\u0103i de cap for\u0163elor de ordine, dup\u0103 ce a amenin\u0163at c\u0103 vrea s\u0103 se sinucid\u0103- arunc\u00e2ndu-se de pe Casa Tineretului din municipiul Giurgiu.<!--more--><\/p>\n<p>S-a \u00eent\u00e2mplat luni, 9 mai, \u00een jurul orei 11.00, c\u00e2nd mai mul\u0163i\u00a0curio\u015fi, dar mai ales oameni ai legii s-au adunat \u00een zona cl\u0103dirii neterminate pentru a-l convinge pe giurgiuvean s\u0103 coboare \u00een siguran\u0163\u0103.<\/p>\n\n<p>Dup\u0103 c\u00e2teva zeci de minute de negocieri, b\u0103rbatul a acceptat s\u0103 p\u0103r\u0103seasc\u0103 imobilul de la al c\u0103rui etaj superior amenin\u0163a c\u0103 vrea s\u0103 se arunce. Cel care l-a convins s\u0103 coboare este un poli\u0163ist local, \u015feful Biroului de Interven\u0163ii al Poli\u0163iei Locale, Mircea V\u0103duva(foto jos).<img loading=\"lazy\" decoding=\"async\" class=\"aligncenter wp-image-45448 size-full\" src=\"https:\/\/giurgiu-net.ro\/wp-content\/uploads\/2016\/05\/vaduva.jpg\" alt=\"vaduva\" width=\"541\" height=\"1336\" \/><\/p>\n<p>Tot V\u0103duva, \u00een ianuarie anul acesta, l-a convins pe b\u0103rbatul din Uzunu s\u0103 coboare de pe o alt\u0103 cl\u0103dire pe care se urcase, \u00een Istru, \u00eens\u0103. \u015ei tot V\u0103duva a negociat \u015fi cu scandalagiul nemul\u0163umit c\u0103 a fost evacuat din acela\u015fi cartier. Asta se \u00eent\u00e2mpla \u00een august 2014, c\u00e2nd giurgiuveanul cu pricina amenin\u0163a c\u0103 se arunc\u0103 \u00een gol, al\u0103turi de doi dintre copiii concubinei sale.<\/p>\n<p><em>\u201eA fost mai greu de discutat cu acesta care a amenin\u0163at azi c\u0103 se arunc\u0103 de pe Casa Tineretului. Era&#8230; treaz, \u015ftia exact ce vrea. Am v\u0103zut c\u0103 ceilal\u0163i care au \u00eencercat s\u0103 stea de vorb\u0103 cu el nu au reu\u015fit s\u0103-l conving\u0103 s\u0103 coboare \u015fi am urcat eu la el. Cu vorb\u0103 bun\u0103! A\u015fa l-am convins s\u0103 vin\u0103 jos. Nu am reu\u015fit s\u0103 ajung chiar p\u00e2n\u0103 la etajul la care era el. Mi-a zis s\u0103 nu urc p\u00e2n\u0103 la el. La cel\u0103lalt, \u00een 2014, c\u00e2nd nu era atent, am reu\u015fit s\u0103 urc p\u00e2n\u0103 pe acoperi\u015f \u015fi s\u0103-l imobilizez\u201d,<\/em> ne-a declarat, \u00een exclusivitate, Mircea V\u0103duva.<\/p>\n<p>Poli\u0163istul local, \u00een v\u00e2rst\u0103 de 50 de ani, ne-a spus c\u0103 are 20 de ani de lucru cu oamenii. A demonstrat, a\u015fadar, de trei ori p\u00e2n\u0103 acum c\u0103 \u015ftie ce face, c\u0103 \u015ftie cum s\u0103-i conving\u0103 pe cei care au amenin\u0163at cu suicidul s\u0103 se \u00eentoarc\u0103 \u00een siguran\u0163\u0103 la familiile lor.<\/p>\n<p><em>\u00a0\u201eAm experien\u0163\u0103 \u00een munca de strad\u0103, dac\u0103 vre\u0163i. Am fost 10 ani la gardieni, 5 la Poli\u0163ia Comunitar\u0103 \u015fi \u00eenc\u0103 5 ani de c\u00e2nd s-a transformat \u00een Local\u0103. L-am ascultat pe b\u0103rbatul din Uzunu, poate \u015fi asta l-a calmat, c\u0103 am ascultat tot ce avea de spus, nemul\u0163umirea lui\u201d<\/em>, ne-a mai spus V\u0103duva.<\/p>\n<p>B\u0103rbatul din Uzunu a f\u0103cut gestul de azi din cauza unor probleme pe care le are cu permisul suspendat. De\u015fi din vina lui re\u0163inut, el spune c\u0103 s-ar \u00eent\u00e2rzia solu\u0163ionarea acestuia iar de permisul respectiv ar depinde banii pe care-i c\u00e2\u015ftig\u0103 pentru a-\u015fi \u00eentre\u0163ine familia.<\/p>\n<p>&nbsp;<\/p>\n","protected":false},"excerpt":{"rendered":"<p>Un b\u0103rbat, \u00een v\u00e2rst\u0103 de circa 40 de ani, din Uzunu, a dat iar b\u0103t\u0103i de cap for\u0163elor de ordine, dup\u0103 ce a amenin\u0163at c\u0103 vrea s\u0103 se sinucid\u0103- arunc\u00e2ndu-se de pe Casa Tineretului din municipiul Giurgiu.<\/p>\n","protected":false},"author":1,"featured_media":45451,"comment_status":"open","ping_status":"open","sticky":false,"template":"","format":"standard","meta":{"slim_seo":{"title":"Un giurgiuvean a amenin\u0163at iar c\u0103 se arunc\u0103 de pe Casa Tineretului! Cine este cel care l-a salvat a doua oar\u0103? Detalii \u00een EXCLUSIVITATE! - GIURGIU NET","description":"Un b\u0103rbat, \u00een v\u00e2rst\u0103 de circa 40 de ani, din Uzunu, a dat iar b\u0103t\u0103i de cap for\u0163elor de ordine, dup\u0103 ce a amenin\u0163at c\u0103 vrea s\u0103 se sinucid\u0103- arunc\u00e2ndu-se de pe Ca"},"footnotes":""},"categories":[18,26,28],"tags":[537,1646,2567],"class_list":["post-45447","post","type-post","status-publish","format-standard","has-post-thumbnail","category-actual","category-soc","category-uo","tag-casa-tineretului","tag-marius-vaduva","tag-suicid"],"_links":{"self":[{"href":"https:\/\/giurgiu-net.ro\/index.php\/wp-json\/wp\/v2\/posts\/45447","targetHints":{"allow":["GET"]}}],"collection":[{"href":"https:\/\/giurgiu-net.ro\/index.php\/wp-json\/wp\/v2\/posts"}],"about":[{"href":"https:\/\/giurgiu-net.ro\/index.php\/wp-json\/wp\/v2\/types\/post"}],"author":[{"embeddable":true,"href":"https:\/\/giurgiu-net.ro\/index.php\/wp-json\/wp\/v2\/users\/1"}],"replies":[{"embeddable":true,"href":"https:\/\/giurgiu-net.ro\/index.php\/wp-json\/wp\/v2\/comments?post=45447"}],"version-history":[{"count":0,"href":"https:\/\/giurgiu-net.ro\/index.php\/wp-json\/wp\/v2\/posts\/45447\/revisions"}],"wp:attachment":[{"href":"https:\/\/giurgiu-net.ro\/index.php\/wp-json\/wp\/v2\/media?parent=45447"}],"wp:term":[{"taxonomy":"category","embeddable":true,"href":"https:\/\/giurgiu-net.ro\/index.php\/wp-json\/wp\/v2\/categories?post=45447"},{"taxonomy":"post_tag","embeddable":true,"href":"https:\/\/giurgiu-net.ro\/index.php\/wp-json\/wp\/v2\/tags?post=45447"}],"curies":[{"name":"wp","href":"https:\/\/api.w.org\/{rel}","templated":true}]}}