{"id":45433,"date":"2016-05-06T13:27:34","date_gmt":"2016-05-06T10:27:34","guid":{"rendered":"http:\/\/giurgiu-net.ro\/?p=45433"},"modified":"2016-05-06T13:27:34","modified_gmt":"2016-05-06T10:27:34","slug":"ii-transmit-public-domnului-prefect-de-giurgiu-ca-nu-vom-tolera-nicio-abatere-de-la-litera-legii-vezi-aici-cine-a-facut-aceasta-declaratie","status":"publish","type":"post","link":"https:\/\/giurgiu-net.ro\/index.php\/2016\/05\/06\/ii-transmit-public-domnului-prefect-de-giurgiu-ca-nu-vom-tolera-nicio-abatere-de-la-litera-legii-vezi-aici-cine-a-facut-aceasta-declaratie\/","title":{"rendered":"\u201e\u00cei transmit public domnului prefect de Giurgiu c\u0103 nu vom tolera nicio abatere de la litera legii!\u201d. VEZI AICI cine a f\u0103cut aceast\u0103 declara\u0163ie!"},"content":{"rendered":"<p><!--more--><\/p>\n<p>La cea mai recent\u0103 conferin\u0163\u0103 de pres\u0103, pre\u015fedintele PSD Giurgiu, senatorul Niculae B\u0103d\u0103l\u0103u, i-a transmis noului prefect de Giurgiu, Zorinel Niculcea, c\u0103 este acolo pentru a respecta \u201enu doar&#8230; spiritul legii, ci litera legii\u201d.<\/p>\n<p><em>\u201e\u00cei transmit public domnului prefect de Giurgiu c\u0103 nu vom tolera nicio abatere de la litera legii! Urmeaz\u0103 campania electoral\u0103 \u015fi \u00eei transmit s\u0103 se ab\u0163in\u0103 de la a face campanie pentru oricine! \u015etiu foarte bine ce zic!\u201d<\/em>, a sublinat B\u0103d\u0103l\u0103u c\u00e2nd a fost \u00eentrebat la ce se refer\u0103.<\/p>\n<p>Ca exemplu, senatorul PSD a spus c\u0103 are informa\u0163ii potrivit c\u0103rora prefectul ar fi fost trimis\u00a0de Marin Anton la Prundu, fiind vorba acolo doar de \u201eo r\u0103zbunare\u201d pe primarul Corbea.<\/p>\n<p><em>\u201eEu nu cred c\u0103 domnul prefect este c\u0103\u0163elu\u015ful Azorel al lui Anton, eu sunt convins c\u0103 este un om serios, capabil \u015fi care, chiar dac\u0103 nu e giurgiuvean, trebuie \u015fi \u00eei va respecta pe giurgiuveni! Trebuie s\u0103 \u015ftie c\u0103 nu vom accepta un asemenea comportament\u201d<\/em>, a mai declarat Niculae B\u0103d\u0103l\u0103u.<\/p>\n<p>&nbsp;<\/p>\n","protected":false},"excerpt":{"rendered":"","protected":false},"author":1,"featured_media":38660,"comment_status":"open","ping_status":"open","sticky":false,"template":"","format":"standard","meta":{"slim_seo":{"title":"\u201e\u00cei transmit public domnului prefect de Giurgiu c\u0103 nu vom tolera nicio abatere de la litera legii!\u201d. VEZI AICI cine a f\u0103cut aceast\u0103 declara\u0163ie! - GIURGIU NET","description":"La cea mai recent\u0103 conferin\u0163\u0103 de pres\u0103, pre\u015fedintele PSD Giurgiu, senatorul Niculae B\u0103d\u0103l\u0103u, i-a transmis noului prefect de Giurgiu, Zorinel Niculcea, c\u0103 este a"},"footnotes":""},"categories":[18,25,28],"tags":[1634,1839,2025,2250,2865],"class_list":{"0":"post-45433","1":"post","2":"type-post","3":"status-publish","4":"format-standard","5":"has-post-thumbnail","7":"category-actual","8":"category-pol","9":"category-uo","10":"tag-marin-anton","11":"tag-niculae-badalau","12":"tag-pnl","13":"tag-psd","14":"tag-zorinel-niculcea"},"_links":{"self":[{"href":"https:\/\/giurgiu-net.ro\/index.php\/wp-json\/wp\/v2\/posts\/45433","targetHints":{"allow":["GET"]}}],"collection":[{"href":"https:\/\/giurgiu-net.ro\/index.php\/wp-json\/wp\/v2\/posts"}],"about":[{"href":"https:\/\/giurgiu-net.ro\/index.php\/wp-json\/wp\/v2\/types\/post"}],"author":[{"embeddable":true,"href":"https:\/\/giurgiu-net.ro\/index.php\/wp-json\/wp\/v2\/users\/1"}],"replies":[{"embeddable":true,"href":"https:\/\/giurgiu-net.ro\/index.php\/wp-json\/wp\/v2\/comments?post=45433"}],"version-history":[{"count":0,"href":"https:\/\/giurgiu-net.ro\/index.php\/wp-json\/wp\/v2\/posts\/45433\/revisions"}],"wp:featuredmedia":[{"embeddable":true,"href":"https:\/\/giurgiu-net.ro\/index.php\/wp-json\/"}],"wp:attachment":[{"href":"https:\/\/giurgiu-net.ro\/index.php\/wp-json\/wp\/v2\/media?parent=45433"}],"wp:term":[{"taxonomy":"category","embeddable":true,"href":"https:\/\/giurgiu-net.ro\/index.php\/wp-json\/wp\/v2\/categories?post=45433"},{"taxonomy":"post_tag","embeddable":true,"href":"https:\/\/giurgiu-net.ro\/index.php\/wp-json\/wp\/v2\/tags?post=45433"}],"curies":[{"name":"wp","href":"https:\/\/api.w.org\/{rel}","templated":true}]}}