{"id":45429,"date":"2016-05-06T13:29:40","date_gmt":"2016-05-06T10:29:40","guid":{"rendered":"http:\/\/giurgiu-net.ro\/?p=45429"},"modified":"2016-05-06T13:29:40","modified_gmt":"2016-05-06T10:29:40","slug":"psd-giurgiu-are-candidati-seriosi-harnici-gospodari-si-care-se-bucura-de-sustinerea-giurgiuvenilor","status":"publish","type":"post","link":"https:\/\/giurgiu-net.ro\/index.php\/2016\/05\/06\/psd-giurgiu-are-candidati-seriosi-harnici-gospodari-si-care-se-bucura-de-sustinerea-giurgiuvenilor\/","title":{"rendered":"PSD Giurgiu are candida\u0163i serio\u015fi, harnici, gospodari \u015fi care se bucur\u0103 de sus\u0163inerea giurgiuvenilor"},"content":{"rendered":"<p>Afirma\u0163ia \u00eei apar\u0163ine liderului social-democrat giurgiuvean, senatorul Niculae B\u0103d\u0103l\u0103u, \u015fi a fost f\u0103cut\u0103 la cea mai recent\u0103 conferin\u0163\u0103 de pres\u0103.<!--more--><\/p>\n<p><em><img loading=\"lazy\" decoding=\"async\" class=\"aligncenter size-full wp-image-43626\" src=\"https:\/\/giurgiu-net.ro\/wp-content\/uploads\/2016\/01\/niculae-badalau-7.jpg\" alt=\"niculae badalau 7\" width=\"800\" height=\"505\" \/>\u201eAvem candida\u0163i pentru toate localit\u0103\u0163ile! Sunt oameni serio\u015fi \u015fi sunt convins c\u0103 se bucur\u0103 de sus\u0163inerea oamenilor. Avem \u015fi noi candida\u0163i valoro\u015fi, dar \u015fi majoritatea primarilor \u00een func\u0163ie. Ace\u015ftia au dovedit c\u0103 sunt buni administratori, gospodari, c\u0103 sunt harnici \u015fi, \u00een plus, al\u0103turi de echipa PSD Giurgiu au f\u0103cut treab\u0103 bun\u0103 \u00een ultimii ani, fiind sprijini\u0163i \u015fi de Guvernul Ponta. Sunt al\u0103turi de ei \u015fi sunt convins c\u0103 vom avea succes! <\/em><\/p>\n<p><em>\u00centr-adev\u0103r, suntem relaxa\u0163i, preg\u0103ti\u0163i pentru campania electoral\u0103 pe care ne-o dorim corect\u0103, cu respectarea legii, lucruri pe care le cerem \u015fi adversarilor no\u015ftri!\u201d<\/em>, a spus B\u0103d\u0103l\u0103u.<\/p>\n<p>Pre\u015fedintele PSD Giurgiu a reamintit faptul c\u0103 <em><strong>PNL a fost la conducerea municipiului timp de 16 ani \u015fi 8 ani la jude\u0163.<\/strong><\/em><\/p>\n<p><em>&#8222;Au demonstrat deja c\u0103 sunt incompeten\u0163i, \u00een timp ce noi, PSD, le-am ar\u0103tat oamenilor c\u0103 suntem o echip\u0103 serioas\u0103, c\u0103 \u015ftim ce trebuie s\u0103 facem pentru dezvoltare \u015fi putem s\u0103 facem acest lucru, de aceea sunt convins c\u0103 avem sus\u0163inerea masiv\u0103 a giurgiuvenilor!\u201d<\/em>, a mai spus Niculae B\u0103d\u0103l\u0103u.<\/p>\n<p>Pe de alt\u0103 parte, \u00eentrebat dac\u0103 el crede c\u0103, dup\u0103 alegeri, unii primari ar putea \u201etrece\u201d la al\u0163ii, B\u0103d\u0103l\u0103u a spus c\u0103 cei din echipa sa sunt serio\u015fi \u015fi c\u0103 nu au motive s\u0103 fac\u0103 asta.<\/p>\n<p><em>\u201eNoi am fost l\u00e2ng\u0103 oameni \u015fi nici Marin Anton n-a putut s\u0103-i plimbe pe primari cum a dorit el, nici Lucian Iliescu, deci, cu at\u00e2t mai pu\u0163in Beianu sau Must\u0103\u0163ea. Anton a zis pe la o emisiune televizat\u0103 c\u0103 are &lt;&lt;arta negocierii&gt;&gt;. Eu nu am arta negocierii, ci am arta seriozit\u0103\u0163ii, dar \u015fi o echip\u0103 de oameni capabili \u015fi valoro\u015fi. Noi, 4 ani, nu am f\u0103cut altceva dec\u00e2t administra\u0163ie! Ei, doar politic\u0103\u201d<\/em>, a mai declarat Niculae B\u0103d\u0103l\u0103u.<\/p>\n<p>&nbsp;<\/p>\n","protected":false},"excerpt":{"rendered":"<p>Afirma\u0163ia \u00eei apar\u0163ine liderului social-democrat giurgiuvean, senatorul Niculae B\u0103d\u0103l\u0103u, \u015fi a fost f\u0103cut\u0103 la cea mai recent\u0103 conferin\u0163\u0103 de pres\u0103.<\/p>\n","protected":false},"author":1,"featured_media":45430,"comment_status":"open","ping_status":"open","sticky":false,"template":"","format":"standard","meta":{"slim_seo":{"title":"PSD Giurgiu are candida\u0163i serio\u015fi, harnici, gospodari \u015fi care se bucur\u0103 de sus\u0163inerea giurgiuvenilor - GIURGIU NET","description":"Afirma\u0163ia \u00eei apar\u0163ine liderului social-democrat giurgiuvean, senatorul Niculae B\u0103d\u0103l\u0103u, \u015fi a fost f\u0103cut\u0103 la cea mai recent\u0103 conferin\u0163\u0103 de pres\u0103. \u201eAvem candida\u0163i"},"footnotes":""},"categories":[19,25,26],"tags":[1839,2256],"class_list":{"0":"post-45429","1":"post","2":"type-post","3":"status-publish","4":"format-standard","5":"has-post-thumbnail","7":"category-adm","8":"category-pol","9":"category-soc","10":"tag-niculae-badalau","11":"tag-psd-giurgiu"},"_links":{"self":[{"href":"https:\/\/giurgiu-net.ro\/index.php\/wp-json\/wp\/v2\/posts\/45429","targetHints":{"allow":["GET"]}}],"collection":[{"href":"https:\/\/giurgiu-net.ro\/index.php\/wp-json\/wp\/v2\/posts"}],"about":[{"href":"https:\/\/giurgiu-net.ro\/index.php\/wp-json\/wp\/v2\/types\/post"}],"author":[{"embeddable":true,"href":"https:\/\/giurgiu-net.ro\/index.php\/wp-json\/wp\/v2\/users\/1"}],"replies":[{"embeddable":true,"href":"https:\/\/giurgiu-net.ro\/index.php\/wp-json\/wp\/v2\/comments?post=45429"}],"version-history":[{"count":0,"href":"https:\/\/giurgiu-net.ro\/index.php\/wp-json\/wp\/v2\/posts\/45429\/revisions"}],"wp:featuredmedia":[{"embeddable":true,"href":"https:\/\/giurgiu-net.ro\/index.php\/wp-json\/"}],"wp:attachment":[{"href":"https:\/\/giurgiu-net.ro\/index.php\/wp-json\/wp\/v2\/media?parent=45429"}],"wp:term":[{"taxonomy":"category","embeddable":true,"href":"https:\/\/giurgiu-net.ro\/index.php\/wp-json\/wp\/v2\/categories?post=45429"},{"taxonomy":"post_tag","embeddable":true,"href":"https:\/\/giurgiu-net.ro\/index.php\/wp-json\/wp\/v2\/tags?post=45429"}],"curies":[{"name":"wp","href":"https:\/\/api.w.org\/{rel}","templated":true}]}}