{"id":44852,"date":"2016-04-13T15:10:57","date_gmt":"2016-04-13T12:10:57","guid":{"rendered":"http:\/\/giurgiu-net.ro\/?p=44852"},"modified":"2016-04-13T15:10:57","modified_gmt":"2016-04-13T12:10:57","slug":"editorial-rusine-pnl-giurgiu-ne-au-facut-sa-i-scuipam-sa-i-gonim-cu-pietre-si-acum-ne-cer-sa-i-pupam-ca-pe-icoane","status":"publish","type":"post","link":"https:\/\/giurgiu-net.ro\/index.php\/2016\/04\/13\/editorial-rusine-pnl-giurgiu-ne-au-facut-sa-i-scuipam-sa-i-gonim-cu-pietre-si-acum-ne-cer-sa-i-pupam-ca-pe-icoane\/","title":{"rendered":"EDITORIAL: Ru\u015fine, PNL Giurgiu! Ne-au f\u0103cut s\u0103-i &#8222;scuip\u0103m&#8221;, s\u0103-i \u201egonim cu pietre\u201d \u015fi acum ne cer s\u0103-i pup\u0103m ca pe icoane!"},"content":{"rendered":"<p>V\u0103 spun din capul locului, ca s\u0103 r\u0103m\u00e2n\u0103 clar: sunt unul dintre tinerii gazetari care au crezut cu tot sufletul, chiar\u00a0cu mult \u00eenainte de momentul\u00a02012, c\u0103 Giurgiu merit\u0103 mai mult, c\u0103 trebuie odat\u0103 pentru totdeauna exploatat poten\u0163ialul acestui ora\u015f, acestui jude\u0163, deci\u00a0c\u0103: Lucian Iliescu \u015fi cu at\u00e2t mai pu\u0163in Marin Anton NU par a reprezenta solu\u0163ia pentru dezvoltare. Pe demonstrate!<!--more--><\/p>\n<p>Sunt unul dintre gazetarii\u00a0care au \u015fi scris asta, care au realizat materiale la televiziune \u015fi \u00een presa scris\u0103 despre asta, MEREU cu numele &#8222;la vedere&#8221;, deci f\u0103r\u0103 team\u0103, cu sinceritate, f\u0103r\u0103 inven\u0163ii, minciuni ori jigniri, F\u0102R\u0102 PSEUDONIME SAU CONTURI FALSE pe re\u0163ele de socializare. \u015ei atunci, dar \u015fi acum!<\/p>\n<p>\u00cen privin\u0163a lui <strong>Lucian Iliescu-<\/strong> tot respectul pentru dumnealui ca politician, pentru v\u00e2rst\u0103 \u015fi experien\u0163\u0103 politic\u0103 \u015fi de via\u0163\u0103- era evident c\u0103 nu mai reprezenta solu\u0163ia pentru dezvoltare administrativ\u0103, dup\u0103 16 ani \u00een care a avut, a\u015fadar, tot timpul din lume s\u0103 demonstreze&#8230;<\/p>\n<p>\u00cen privin\u0163a lui <strong>Marin Anton<\/strong> a devenit evident pentru mul\u0163i c\u0103 nu poate fi solu\u0163ia, \u00een primul r\u00e2nd odat\u0103 cu <span style=\"text-decoration: underline;\"><em><strong>blocarea bugetului Consiliului Jude\u0163ean(CJ) Giurgiu(<\/strong>pe atunci, Dumitru Beianu era pre\u015fedintele institu\u0163iei<strong>) de c\u0103tre prefectul Guvernului- pe atunci PDL(<\/strong>Marin Anton era \u015feful PDL Giurgiu<strong>)<\/strong><\/em><\/span>. V\u0103 aminti\u0163i de scandalul vremii, c\u00e2nd sute de oameni au r\u0103mas f\u0103r\u0103 salarii din cauza unor ambi\u0163ii politice, v\u0103 aminti\u0163i, sunt convins\u0103, de tensiunile de la Direc\u0163ia de Finan\u0163e, c\u00e2nd angaja\u0163ii CJ au rupt bariera f\u0103cut\u0103 de jandarmi \u015fi au vrut s\u0103 intre peste director! Au vrut s\u0103 intre, dispera\u0163i, cu for\u0163a, \u00een acela\u015fi birou din care ie\u015fea, \u00een fa\u0163a protestatarilor, chiar Marin Anton&#8230; Am fost acolo \u015fi nu sunt singura! Vreau, \u00eens\u0103, s\u0103 r\u0103m\u00e2n consecvent\u0103 \u00een privin\u0163a tuturor principiilor \u00een care am crezut atunci!<\/p>\n<p><em>(De aceea, pe cei care au fost acolo, din acela\u015fi motiv, dar care-mi dau acum lec\u0163ii de moralitate, \u00eei \u00eentreb: principiile voastre unde v\u0103 sunt? Unde v\u0103\u00a0sunt interesele fa\u0163\u0103 de cet\u0103\u0163ean \u015fi nu cele personale? V\u0103 rog s\u0103 v\u0103 p\u0103stra\u0163i sfaturile despre deontologie, moralitate \u015fi interese exclusiv pentru voi!)<\/em><\/p>\n<p>Multe dintre idei \u015fi principii mi-au fost&#8230; prezentate, insuflate, cum vre\u0163i, de oameni care stau acum l\u00e2ng\u0103 cei doi. Am fost \u00eencurajat\u0103, \u00een momentele respective, \u00een crezul meu, de oameni \u00eendr\u00e2rji\u0163i, oameni care au pretins c\u0103 ei pot reprezenta solu\u0163ia, care au f\u0103cut tot ce se poate <strong>s\u0103-i scoat\u0103 din aten\u0163ia vie\u0163ii politice pe cei doi, oameni care ne-au convins c\u0103 Lucian Iliescu \u015fi Marin Anton merit\u0103 &#8222;scuipa\u0163i&#8221;<\/strong>. Aceia\u015fi oameni politici vin acum \u015fi ni-i prezint\u0103 pe aceia\u015fi doi ca pe icoane de pupat.\u00a0Cu dezam\u0103gire, \u00eel nominalizez pe Dumitru Beianu.<\/p>\n<p>Scopul scuz\u0103 mijloacele, ve\u0163i spune&#8230; Dar p\u00e2n\u0103 unde \u015fi, totu\u015fi, pentru ce? Nu v\u0103 e jen\u0103 s\u0103 v\u0103 privi\u0163i unii pe al\u0163ii, dup\u0103 tot ce a fost? Care\u00a0este, fra\u0163ilor, <strong>&#8222;o altfel de politic\u0103&#8221;<\/strong> pe care o invoca\u0163i, &#8222;liberali&#8221;? Tocmai v-a\u0163i \u015fters, din nou, \u015fi cu &#8222;decalogul PNL&#8221; la&#8230; nas, pentru c\u0103 nu scuz\u0103 cu nimic faptul c\u0103 personaje cu oarece probleme &#8222;doar v\u0103 sprijin\u0103&#8221; \u00een campanie, nu \u015fi candideaz\u0103.<\/p>\n<p>Dar, \u00eenainte de toate, nu v\u0103 e ru\u015fine s\u0103 v\u0103 uita\u0163i \u00een ochii giurgiuvenilor pe care i-a\u0163i convins, odinioar\u0103, s\u0103-i &#8222;scuipe&#8221; pe cei doi fix \u00eentre ochii aceia&#8230; muta\u0163i de la PNL, PDL, \u00eenapoi la PNL via UNPR?<\/p>\n<p>\u00cen t\u00e2n\u0103ra-mi experien\u0163\u0103, de 15 ani de pres\u0103- 13 \u00een Giurgiu, v\u0103 m\u0103rturisesc c\u0103 mi\u015fcarea aceasta a PNL \u00eemi pare\u00a0cea mai m\u00e2r\u015fav\u0103 din toate vremurile, o bate chiar pe cea din 2012 cu mazilirea lui Beianu de c\u0103tre Iliescu, Anton \u015fi ceilal\u0163i.\u00a0Este, \u00een opinia mea, o mi\u015fcare ru\u015finoas\u0103, nedreapt\u0103, dac\u0103 vre\u0163i, fa\u0163\u0103 de aleg\u0103tori \u015fi familiile lor pe\u00a0al c\u0103ror viitor \u00eendr\u0103zni\u0163i s\u0103-l pomeni\u0163i \u00een programele voastre electorale pe care le asocia\u0163i acum cu cei doi. Cei doi pe care <strong>VOI<\/strong>\u00a0i-a\u0163i numit\u00a0inamicii publici num\u0103rul 1 ai acestui jude\u0163 \u015fi ora\u015f.<\/p>\n<p>Despre asta este vorba!\u00a0\u015ei \u015fti\u0163i c\u0103 am dreptate \u015fi v\u0103 ve\u0163i obosi degeaba s\u0103 m\u0103 lua\u0163i cu scriitura mea pro-PSD. V\u0103 m\u0103rturisesc sincer c\u0103 \u00eei mul\u0163umesc lui Dumnezeu c\u0103 am ales s\u0103 nu mai scriu pro echipa dumneavoastr\u0103, mai ales dup\u0103 acest moment pe care giurgiuvenii nu-l vor l\u0103sa netaxat. V\u0103 garantez!<\/p>\n<p>C\u0103t\u0103lina Sfetcu<\/p>\n","protected":false},"excerpt":{"rendered":"<p>V\u0103 spun din capul locului, ca s\u0103 r\u0103m\u00e2n\u0103 clar: sunt unul dintre tinerii gazetari care au crezut cu tot sufletul, chiar\u00a0cu mult \u00eenainte de momentul\u00a02012, c\u0103 Giurgiu merit\u0103 mai mult, c\u0103 trebuie odat\u0103 pentru totdeauna exploatat poten\u0163ialul acestui ora\u015f, acestui jude\u0163, deci\u00a0c\u0103: Lucian Iliescu \u015fi cu at\u00e2t mai pu\u0163in Marin Anton NU par a reprezenta [&hellip;]<\/p>\n","protected":false},"author":1,"featured_media":44853,"comment_status":"open","ping_status":"open","sticky":false,"template":"","format":"standard","meta":{"slim_seo":{"title":"EDITORIAL: Ru\u015fine, PNL Giurgiu! Ne-au f\u0103cut s\u0103-i \"scuip\u0103m\", s\u0103-i \u201egonim cu pietre\u201d \u015fi acum ne cer s\u0103-i pup\u0103m ca pe icoane! - GIURGIU NET","description":"V\u0103 spun din capul locului, ca s\u0103 r\u0103m\u00e2n\u0103 clar: sunt unul dintre tinerii gazetari care au crezut cu tot sufletul, chiar\u00a0cu mult \u00eenainte de momentul\u00a02012, c\u0103 Giurg"},"footnotes":""},"categories":[18,20,25],"tags":[1004,1573,1634,2027],"class_list":["post-44852","post","type-post","status-publish","format-standard","has-post-thumbnail","category-actual","category-edit","category-pol","tag-dumitru-beianu","tag-lucian-iliescu","tag-marin-anton","tag-pnl-giurgiu"],"_links":{"self":[{"href":"https:\/\/giurgiu-net.ro\/index.php\/wp-json\/wp\/v2\/posts\/44852","targetHints":{"allow":["GET"]}}],"collection":[{"href":"https:\/\/giurgiu-net.ro\/index.php\/wp-json\/wp\/v2\/posts"}],"about":[{"href":"https:\/\/giurgiu-net.ro\/index.php\/wp-json\/wp\/v2\/types\/post"}],"author":[{"embeddable":true,"href":"https:\/\/giurgiu-net.ro\/index.php\/wp-json\/wp\/v2\/users\/1"}],"replies":[{"embeddable":true,"href":"https:\/\/giurgiu-net.ro\/index.php\/wp-json\/wp\/v2\/comments?post=44852"}],"version-history":[{"count":0,"href":"https:\/\/giurgiu-net.ro\/index.php\/wp-json\/wp\/v2\/posts\/44852\/revisions"}],"wp:attachment":[{"href":"https:\/\/giurgiu-net.ro\/index.php\/wp-json\/wp\/v2\/media?parent=44852"}],"wp:term":[{"taxonomy":"category","embeddable":true,"href":"https:\/\/giurgiu-net.ro\/index.php\/wp-json\/wp\/v2\/categories?post=44852"},{"taxonomy":"post_tag","embeddable":true,"href":"https:\/\/giurgiu-net.ro\/index.php\/wp-json\/wp\/v2\/tags?post=44852"}],"curies":[{"name":"wp","href":"https:\/\/api.w.org\/{rel}","templated":true}]}}