{"id":44783,"date":"2016-04-07T15:14:24","date_gmt":"2016-04-07T12:14:24","guid":{"rendered":"http:\/\/giurgiu-net.ro\/?p=44783"},"modified":"2016-04-07T15:14:24","modified_gmt":"2016-04-07T12:14:24","slug":"medicul-elena-dinu-a-ales-psd-am-ales-sa-vin-intr-o-echipa-care-a-dorit-prezenta-mea-si-voi-pune-umarul-la-treaba","status":"publish","type":"post","link":"https:\/\/giurgiu-net.ro\/index.php\/2016\/04\/07\/medicul-elena-dinu-a-ales-psd-am-ales-sa-vin-intr-o-echipa-care-a-dorit-prezenta-mea-si-voi-pune-umarul-la-treaba\/","title":{"rendered":"Medicul Elena Dinu a ales PSD: \u201eAm ales s\u0103 vin \u00eentr-o echip\u0103 care a dorit prezen\u0163a mea \u015fi voi pune um\u0103rul la treab\u0103\u201d"},"content":{"rendered":"<p>Managerul Spitalului Jude\u0163ean de Urgen\u0163\u0103 Giurgiu, medicul Elena Dinu, a participat, joi, 7 aprilie, la conferin\u0163a de pres\u0103 a PSD. Ea a fost prezentat\u0103 presei din aceast\u0103 nou\u0103 postur\u0103 politic\u0103 de liderul social-democrat giurgiuvean, senatorul Niculae B\u0103d\u0103l\u0103u.<!--more--><\/p>\n<p><em>\u201eSunt bucuros de venirea doamnei Elena Dinu \u00een PSD. Este un om competent \u015fi sunt convins c\u0103 \u00eempreun\u0103 vom reu\u015fi s\u0103 facem din sistemul de s\u0103n\u0103tate giurgiuvean unul mult mai bun dec\u00e2t p\u00e2n\u0103 acum\u201d<\/em>, a spus Niculae B\u0103d\u0103l\u0103u.<img loading=\"lazy\" decoding=\"async\" class=\"aligncenter size-full wp-image-44784\" src=\"https:\/\/giurgiu-net.ro\/wp-content\/uploads\/2016\/04\/DSC_0054.jpg\" alt=\"DSC_0054\" width=\"800\" height=\"530\" \/><\/p>\n<p>La r\u00e2ndul s\u0103u, Elena Dinu a declarat jurnali\u015ftilor locali c\u0103 nu va comenta prea mult motivele plec\u0103rii sale din PNL, dar a f\u0103cut unele preciz\u0103ri:\u00a0<em>\u201eAm ales s\u0103 vin \u00eentr-o echip\u0103 care a dorit prezen\u0163a mea \u015fi voi pune um\u0103rul la treab\u0103 pentru a realiza obiectivele propuse, politic \u015fi profesional. Nu insist pe motivele pentru care am plecat din PNL, nu este relevant, dar trebuie s\u0103 specific c\u0103 organiza\u0163ia de la Giurgiu este foarte fr\u0103m\u00e2ntat\u0103 \u015fi nu am mai sim\u0163it c\u0103 pot face echip\u0103 cu unii dintre fo\u015ftii colegi\u201d.<\/em><\/p>\n<p>Totodat\u0103, ea a men\u0163ionat c\u0103, cel mai probabil, \u00ee\u015fi va da demisia din func\u0163ia de consilier local pentru c\u0103, evident, va pierde sprijinul politic al PNL.<\/p>\n<p>Pe de alt\u0103 parte, pre\u015fedintele PSD Giurgiu, Niculae B\u0103d\u0103l\u0103u, a mai spus c\u0103 u\u015file forma\u0163iunii pe care o reprezint\u0103 au fost \u015fi r\u0103m\u00e2n deschise pentru oameni valoro\u015fi.<\/p>\n<p><em>\u201eAm deschis u\u015file partidului pentru to\u0163i oamenii valoro\u015fi. Chiar i-am rugat pe unii, a\u015fa cum, recunosc, s-a \u00eent\u00e2mplat \u015fi cu doamna Dinu, s\u0103 vin\u0103 al\u0103turi de noi. Sunt extrem de mul\u0163i giurgiuveni valoro\u015fi care nu sunt folosi\u0163i la maximum pentru a da tot ce au mai bun \u00een vederea dezvolt\u0103rii municipiului \u015fi jude\u0163ului Giurgiu. Eu \u00eencerc s\u0103-i aduc pe c\u00e2t mai mul\u0163i \u00een echipa noastr\u0103 pentru a continua lucrurile bune \u00eencepute\u201d<\/em>, a subliniat Niculae B\u0103d\u0103l\u0103u.<\/p>\n<p>&nbsp;<\/p>\n","protected":false},"excerpt":{"rendered":"<p>Managerul Spitalului Jude\u0163ean de Urgen\u0163\u0103 Giurgiu, medicul Elena Dinu, a participat, joi, 7 aprilie, la conferin\u0163a de pres\u0103 a PSD. Ea a fost prezentat\u0103 presei din aceast\u0103 nou\u0103 postur\u0103 politic\u0103 de liderul social-democrat giurgiuvean, senatorul Niculae B\u0103d\u0103l\u0103u.<\/p>\n","protected":false},"author":1,"featured_media":44785,"comment_status":"open","ping_status":"open","sticky":false,"template":"","format":"standard","meta":{"slim_seo":{"title":"Medicul Elena Dinu a ales PSD: \u201eAm ales s\u0103 vin \u00eentr-o echip\u0103 care a dorit prezen\u0163a mea \u015fi voi pune um\u0103rul la treab\u0103\u201d - GIURGIU NET","description":"Managerul Spitalului Jude\u0163ean de Urgen\u0163\u0103 Giurgiu, medicul Elena Dinu, a participat, joi, 7 aprilie, la conferin\u0163a de pres\u0103 a PSD. Ea a fost prezentat\u0103 presei di"},"footnotes":""},"categories":[18,25,28],"tags":[1025,1839,2256,2535],"class_list":{"0":"post-44783","1":"post","2":"type-post","3":"status-publish","4":"format-standard","5":"has-post-thumbnail","7":"category-actual","8":"category-pol","9":"category-uo","10":"tag-elena-dinu","11":"tag-niculae-badalau","12":"tag-psd-giurgiu","13":"tag-spitalul-de-urgenta-giurgiu"},"_links":{"self":[{"href":"https:\/\/giurgiu-net.ro\/index.php\/wp-json\/wp\/v2\/posts\/44783","targetHints":{"allow":["GET"]}}],"collection":[{"href":"https:\/\/giurgiu-net.ro\/index.php\/wp-json\/wp\/v2\/posts"}],"about":[{"href":"https:\/\/giurgiu-net.ro\/index.php\/wp-json\/wp\/v2\/types\/post"}],"author":[{"embeddable":true,"href":"https:\/\/giurgiu-net.ro\/index.php\/wp-json\/wp\/v2\/users\/1"}],"replies":[{"embeddable":true,"href":"https:\/\/giurgiu-net.ro\/index.php\/wp-json\/wp\/v2\/comments?post=44783"}],"version-history":[{"count":0,"href":"https:\/\/giurgiu-net.ro\/index.php\/wp-json\/wp\/v2\/posts\/44783\/revisions"}],"wp:featuredmedia":[{"embeddable":true,"href":"https:\/\/giurgiu-net.ro\/index.php\/wp-json\/"}],"wp:attachment":[{"href":"https:\/\/giurgiu-net.ro\/index.php\/wp-json\/wp\/v2\/media?parent=44783"}],"wp:term":[{"taxonomy":"category","embeddable":true,"href":"https:\/\/giurgiu-net.ro\/index.php\/wp-json\/wp\/v2\/categories?post=44783"},{"taxonomy":"post_tag","embeddable":true,"href":"https:\/\/giurgiu-net.ro\/index.php\/wp-json\/wp\/v2\/tags?post=44783"}],"curies":[{"name":"wp","href":"https:\/\/api.w.org\/{rel}","templated":true}]}}