{"id":44768,"date":"2016-04-06T15:07:32","date_gmt":"2016-04-06T12:07:32","guid":{"rendered":"http:\/\/giurgiu-net.ro\/?p=44768"},"modified":"2016-04-06T15:07:32","modified_gmt":"2016-04-06T12:07:32","slug":"opinie-consilierii-locali-pnl-alde-si-unpr-s-au-razgandit-doar-pe-trei-sferturi","status":"publish","type":"post","link":"https:\/\/giurgiu-net.ro\/index.php\/2016\/04\/06\/opinie-consilierii-locali-pnl-alde-si-unpr-s-au-razgandit-doar-pe-trei-sferturi\/","title":{"rendered":"OPINIE: Consilierii locali PNL, ALDE \u015fi UNPR s-au r\u0103zg\u00e2ndit. Doar pe&#8230; trei sferturi"},"content":{"rendered":"<p>Politico-strategic vorbind, \u015fi ei o \u015ftiu- sunt convins\u0103, au gre\u015fit stra\u015fnic prin votul negativ dat mai multor proiecte de hot\u0103r\u00e2re, la \u015fedin\u0163a anterioar\u0103 a Consiliului Municipal Giurgiu.<!--more--><\/p>\n<p>Consilierii liberali, cei ai ALDE \u015fi UNPR <em>s-au ab\u0163inut, a\u015fa cum cunoa\u015fte\u0163i, la vot \u00een cazul unor proiecte privind realizarea mai multor parc\u0103ri, locuri de joac\u0103, dar \u015fi cu privire la\u00a0aprobarea regulamentului de\u00a0func\u0163ionare a zonei de agrement Cama.<\/em><\/p>\n<p>Cel mai r\u0103u (\u015fi-)au f\u0103cut, \u00eens\u0103, <strong>liberalii, <\/strong>cu <strong>justific\u0103rile <\/strong>alese: variabile, incomplete, dar insistente.<\/p>\n<p>A\u015fadar, la momentul respectiv, principala lor justificare a fost c\u0103, la \u015fedin\u0163\u0103(10 martie), nu le-ar fi mers tabletele \u015fi c\u0103, astfel, n-ar fi apucat s\u0103 studieze documenta\u0163ia fiec\u0103rui proiect. \u00cen plen, un specialist IT al Prim\u0103riei le-a spus c\u0103 <u>proiectele respective fuseser\u0103 deja \u00eenc\u0103rcate \u00een sistem \u00eenc\u0103 de la \u00eenceputul lunii februarie- unele, altele de la jum\u0103tatea lunii<\/u>. A\u015fa c\u0103, au avut suficient timp s\u0103 le studieze, doar s\u0103 fi vrut.<\/p>\n<p>Ca \u015fi consilier municipal, \u00een care at\u00e2\u0163i giurgiuveni \u015fi-au pus speran\u0163ele, nu te duci la o \u015fedin\u0163\u0103 ordinar\u0103, sper\u00e2nd s\u0103 cite\u015fti documenta\u0163ii \u00een timp ce se desf\u0103\u015foar\u0103 evenimentul, nu? Nu.<\/p>\n<p>Apoi, primarul Nicolae Barbu a adus dovezi, \u00een conferin\u0163e de pres\u0103, potrivit c\u0103rora <u>documenta\u0163ia proiectelor respective fusese(sau ar fi trebuit), de fapt, studiat\u0103 \u00een cadrul \u015fedin\u0163elor comisiilor de specialitate<\/u>. Din acestea fac parte reprezentan\u0163ii tuturor forma\u0163iunilor politice din CL. <u>Dovezile: <strong>procesele verbale aferente semnate<\/strong> de&#8230; toat\u0103 lumea.<\/u><\/p>\n<p>\u00cen loc s\u0103 \u00eencheie subiectul, liberalii au continuat \u015fi au lansat pe pia\u0163\u0103 o alt\u0103 a\u015fa-zis\u0103 justificare: <em>c\u0103, sta\u0163i a\u015fa!, de fapt ar fi fost descoperite inadverten\u0163e \u00een documenta\u0163ii<\/em>. Bun, deci, de fapt, le studiaser\u0103&#8230; \u015ei-au mai zis: \u015fi ce dac\u0103 au dat aviz favorabil \u00een comisiile de specialitate, c\u0103 oricum <u>avizul e unul consultativ<\/u>. Adic\u0103telea, degeaba. Adic\u0103telea, nu cumva \u015fi dumneavoastr\u0103, membri ai comisiilor, v-a\u0163i cam luat banii &#8222;de comisii&#8221;\u00a0tot degeaba? (Poate v\u0103 g\u00e2ndi\u0163i s\u0103-i dona\u0163i. Dar f\u0103r\u0103 televiziuni dup\u0103 dumneavoastr\u0103, ca s\u0103 fie pe bune, \u00een acela\u015fi spirit \u00een care a\u0163i votat \u015fi alocarea a sute de milioane pentru diverse biserici&#8230;, f\u0103r\u0103 s\u0103 pune\u0163i la \u00eendoial\u0103 vreo documenta\u0163ie).<\/p>\n<p>Toate proiectele ce nu au trecut data trecut\u0103 au fost repuse pe ordinea de zi a \u015fedin\u0163ei ordinare de miercuri, 6 aprilie. Azi, adic\u0103.<\/p>\n<p>Proiectele referitor la locurile de joac\u0103, inclusiv regulamentul pentru func\u0163ionarea Canalului Cama au fost aprobate, f\u0103r\u0103 discu\u0163ii, \u00een unanimitate. Da. Acelea\u015fi proiecte pe care, anterior, le-au contestat consilierii PNL, ALDE \u015fi UNPR, din toate justific\u0103rile(pe r\u00e2nd) expuse mai sus.<\/p>\n<p>Ce-i drept, consilierii PNL, ALDE \u015fi UNPR au r\u0103mas consecven\u0163i \u00eentr-o singur\u0103 privin\u0163\u0103, aceea a parc\u0103rilor din Tineretului. Viceprimarul Liviu Popazu a atras aten\u0163ia c\u0103 \u00een documente sunt gre\u015feli ce trebuie corectate. Una dintre acestea se refer\u0103 la men\u0163ionarea a dou\u0103 locuri distincte pentru o singur\u0103 investi\u0163ie \u015fi urmeaz\u0103 s\u0103 fie stabilit dac\u0103 este o problem\u0103 de form\u0103 sau una de fond.<\/p>\n<p>Ca atare, proiectele aferente realiz\u0103rii de parc\u0103ri \u00een Tineretului au fost, din nou, respinse, cu \u015fase voturi pentru \u015fi 11 ab\u0163ineri.<\/p>\n<p>Consilierii sus-men\u0163iona\u0163i, \u00een loc de toate celelalte justific\u0103ri variabile \u015fi incomplete, dar insistente, n-ar fi putut ridica acest aspect \u00eenc\u0103 de data trecut\u0103? \u015ei doar la parc\u0103ri, poftim!<\/p>\n<p>Ei, dar cum pute\u0163i s\u0103 v\u0103 \u00eentreba\u0163i&#8230; de ce n-au f\u0103cut-o?!<\/p>\n<p>C\u0103t\u0103lina Sfetcu<\/p>\n","protected":false},"excerpt":{"rendered":"<p>Politico-strategic vorbind, \u015fi ei o \u015ftiu- sunt convins\u0103, au gre\u015fit stra\u015fnic prin votul negativ dat mai multor proiecte de hot\u0103r\u00e2re, la \u015fedin\u0163a anterioar\u0103 a Consiliului Municipal Giurgiu.<\/p>\n","protected":false},"author":1,"featured_media":44769,"comment_status":"open","ping_status":"open","sticky":false,"template":"","format":"standard","meta":{"slim_seo":{"title":"OPINIE: Consilierii locali PNL, ALDE \u015fi UNPR s-au r\u0103zg\u00e2ndit. Doar pe... trei sferturi - GIURGIU NET","description":"Politico-strategic vorbind, \u015fi ei o \u015ftiu- sunt convins\u0103, au gre\u015fit stra\u015fnic prin votul negativ dat mai multor proiecte de hot\u0103r\u00e2re, la \u015fedin\u0163a anterioar\u0103 a Cons"},"footnotes":""},"categories":[18,25,26,28],"tags":[616,1831,2027,2218],"class_list":["post-44768","post","type-post","status-publish","format-standard","has-post-thumbnail","category-actual","category-pol","category-soc","category-uo","tag-cl-giurgiu","tag-nicolae-barbu","tag-pnl-giurgiu","tag-proiecte-neaprobate"],"_links":{"self":[{"href":"https:\/\/giurgiu-net.ro\/index.php\/wp-json\/wp\/v2\/posts\/44768","targetHints":{"allow":["GET"]}}],"collection":[{"href":"https:\/\/giurgiu-net.ro\/index.php\/wp-json\/wp\/v2\/posts"}],"about":[{"href":"https:\/\/giurgiu-net.ro\/index.php\/wp-json\/wp\/v2\/types\/post"}],"author":[{"embeddable":true,"href":"https:\/\/giurgiu-net.ro\/index.php\/wp-json\/wp\/v2\/users\/1"}],"replies":[{"embeddable":true,"href":"https:\/\/giurgiu-net.ro\/index.php\/wp-json\/wp\/v2\/comments?post=44768"}],"version-history":[{"count":0,"href":"https:\/\/giurgiu-net.ro\/index.php\/wp-json\/wp\/v2\/posts\/44768\/revisions"}],"wp:attachment":[{"href":"https:\/\/giurgiu-net.ro\/index.php\/wp-json\/wp\/v2\/media?parent=44768"}],"wp:term":[{"taxonomy":"category","embeddable":true,"href":"https:\/\/giurgiu-net.ro\/index.php\/wp-json\/wp\/v2\/categories?post=44768"},{"taxonomy":"post_tag","embeddable":true,"href":"https:\/\/giurgiu-net.ro\/index.php\/wp-json\/wp\/v2\/tags?post=44768"}],"curies":[{"name":"wp","href":"https:\/\/api.w.org\/{rel}","templated":true}]}}