{"id":44704,"date":"2016-03-31T11:21:33","date_gmt":"2016-03-31T08:21:33","guid":{"rendered":"http:\/\/giurgiu-net.ro\/?p=44704"},"modified":"2016-03-31T11:21:33","modified_gmt":"2016-03-31T08:21:33","slug":"scenarii-fabricate-la-casuta-galbena","status":"publish","type":"post","link":"https:\/\/giurgiu-net.ro\/index.php\/2016\/03\/31\/scenarii-fabricate-la-casuta-galbena\/","title":{"rendered":"Scenarii fabricate la&#8230; \u201eC\u0103su\u0163a Galben\u0103\u201d"},"content":{"rendered":"<p>Am dat un titlu de bun sim\u0163, ca s\u0103 nu \u00eencepem a\u015fa: nou\u0103 dezinformare marca PNL Giurgiu.<!--more--><\/p>\n<p>La scurt timp dup\u0103 ce mai multe site-uri de \u015ftiri au publicat informa\u0163ia(cu declara\u0163ii \u00eentre ghilimele, cu tot) potrivit c\u0103reia 37 de oameni, \u00een frunte cu Marian Pavel, au plecat din PNL Giurgiu, pe un alt site, de data asta deosebit de \u201egalben\u201d apare un fel&#8230; drept la replic\u0103 sau, cum s\u0103-i zicem, o glumi\u0163\u0103 de articol ce a \u00eencercat s\u0103 \u201edovedeasc\u0103\u201d faptul c\u0103 toate celelalte siteuri mint.<\/p>\n<p>&#8230; C\u0103 \u015ftirea ar fi fost \u201eneadev\u0103rat\u0103\u201d, c\u0103 a\u015fa ar zice chiar Pavel, cu care, de fapt, autorii- ca s\u0103 dea bine \u00een ochii \u201e\u015fefului sau finan\u0163atorului\u201d, dup\u0103 caz- nici m\u0103car nu au vorbit. Cit\u0103m: \u201eam \u00eencercat \u015fi noi s\u0103 \u00eel contact\u0103m pe domnul Pavel, dar nu am avut sor\u0163i de izb\u00e2nd\u0103\u201d&#8230;<\/p>\n<p>P\u0103i, depinde cum a\u0163i \u00eencercat. Telepatic nu func\u0163ioneaz\u0103 \u00eentotdeauna.<\/p>\n<p>A\u015fadar, ce-a mai r\u0103mas din PNL Giurgiu sus\u0163ine c\u0103 tot ce s-a \u00eent\u00e2mplat ieri ar fi, de fapt, un scenariu(?!) pus la punct de, EVIDENT, Barbu \u015fi Must\u0103\u0163ea!<\/p>\n<p>Fra\u0163ilor, dac\u0103 \u00eencerca\u0163i s\u0103 le spune\u0163i oamenilor c\u0103 tot Barbu \u015fi Must\u0103\u0163ea au ajuns s\u0103 fie de vin\u0103 pentru cum conduce Beianu(v\u0103 spunem noi c\u0103 asta e baiul, c\u0103 am mai vorbit o dat\u0103 cu domnul Pavel \u015fi a declarat c\u0103 <strong>\u015ftirea de pe site-ul dvs. este neadev\u0103rat\u0103<\/strong>!), atunci e&#8230;. trist!<\/p>\n<p>Legat de contactarea telefonic\u0103 a celor care au plecat- de c\u0103tre cei care au r\u0103mas \u00een PNL Giurgiu, domnul Pavel(dac\u0103 dori\u0163i, \u00eel putem contacta noi pentru dvs., dac\u0103 nu reu\u015fi\u0163i nici azi s\u0103-l g\u0103si\u0163i) a confirmat, dar a precizat \u015fi c\u0103 acesta a fost motivul pentru care a telefonat, la r\u00e2ndul s\u0103u, la sediul PNL: s\u0103 le transmit\u0103 celor care-i sun\u0103, aproape agres\u00e2ndu-i, pe fo\u015ftii liberali, s\u0103-i lase \u00een pace! Nicidecum, a mai zis domnia sa, nu a spus c\u0103 <strong>nu Beianu<\/strong> e de vin\u0103, ci ca Beianu ar trebui s\u0103-i lase pe oameni cu decizia lor, ca s\u0103 nu vin\u0103 to\u0163i odat\u0103 la sediu \u015fi s\u0103-i explice, poate chiar \u00een fa\u0163a presei(opaaa) care-s problemele!<\/p>\n<p>Sigur c\u0103 omul de r\u00e2nd d\u0103 prea pu\u0163in pe certurile astea, lui \u00eei trebuie proiecte concrete pentru a duce o via\u0163\u0103 mai bun\u0103, dar e bine s\u0103 \u015ftie inclusiv cine \u015fi cum dezinformeaz\u0103, ca s\u0103 \u015ftie pe cine alege!<\/p>\n<p>REDAC\u0162IA<\/p>\n","protected":false},"excerpt":{"rendered":"<p>Am dat un titlu de bun sim\u0163, ca s\u0103 nu \u00eencepem a\u015fa: nou\u0103 dezinformare marca PNL Giurgiu.<\/p>\n","protected":false},"author":1,"featured_media":42936,"comment_status":"open","ping_status":"open","sticky":false,"template":"","format":"standard","meta":{"slim_seo":{"title":"Scenarii fabricate la... \u201eC\u0103su\u0163a Galben\u0103\u201d - GIURGIU NET","description":"Am dat un titlu de bun sim\u0163, ca s\u0103 nu \u00eencepem a\u015fa: nou\u0103 dezinformare marca PNL Giurgiu. La scurt timp dup\u0103 ce mai multe site-uri de \u015ftiri au publicat informa\u0163ia"},"footnotes":""},"categories":[18,25,28],"tags":[1004,1629,2027],"class_list":{"0":"post-44704","1":"post","2":"type-post","3":"status-publish","4":"format-standard","5":"has-post-thumbnail","7":"category-actual","8":"category-pol","9":"category-uo","10":"tag-dumitru-beianu","11":"tag-marian-pavel","12":"tag-pnl-giurgiu"},"_links":{"self":[{"href":"https:\/\/giurgiu-net.ro\/index.php\/wp-json\/wp\/v2\/posts\/44704","targetHints":{"allow":["GET"]}}],"collection":[{"href":"https:\/\/giurgiu-net.ro\/index.php\/wp-json\/wp\/v2\/posts"}],"about":[{"href":"https:\/\/giurgiu-net.ro\/index.php\/wp-json\/wp\/v2\/types\/post"}],"author":[{"embeddable":true,"href":"https:\/\/giurgiu-net.ro\/index.php\/wp-json\/wp\/v2\/users\/1"}],"replies":[{"embeddable":true,"href":"https:\/\/giurgiu-net.ro\/index.php\/wp-json\/wp\/v2\/comments?post=44704"}],"version-history":[{"count":0,"href":"https:\/\/giurgiu-net.ro\/index.php\/wp-json\/wp\/v2\/posts\/44704\/revisions"}],"wp:featuredmedia":[{"embeddable":true,"href":"https:\/\/giurgiu-net.ro\/index.php\/wp-json\/wp\/v2\/media\/42936"}],"wp:attachment":[{"href":"https:\/\/giurgiu-net.ro\/index.php\/wp-json\/wp\/v2\/media?parent=44704"}],"wp:term":[{"taxonomy":"category","embeddable":true,"href":"https:\/\/giurgiu-net.ro\/index.php\/wp-json\/wp\/v2\/categories?post=44704"},{"taxonomy":"post_tag","embeddable":true,"href":"https:\/\/giurgiu-net.ro\/index.php\/wp-json\/wp\/v2\/tags?post=44704"}],"curies":[{"name":"wp","href":"https:\/\/api.w.org\/{rel}","templated":true}]}}