{"id":44700,"date":"2016-03-31T10:53:21","date_gmt":"2016-03-31T07:53:21","guid":{"rendered":"http:\/\/giurgiu-net.ro\/?p=44700"},"modified":"2016-03-31T10:53:21","modified_gmt":"2016-03-31T07:53:21","slug":"sprijin-financiar-pentru-cei-care-vor-sa-intre-in-programul-de-anvelopare-a-blocurilor","status":"publish","type":"post","link":"https:\/\/giurgiu-net.ro\/index.php\/2016\/03\/31\/sprijin-financiar-pentru-cei-care-vor-sa-intre-in-programul-de-anvelopare-a-blocurilor\/","title":{"rendered":"Sprijin financiar pentru cei care vor s\u0103 intre \u00een programul de anvelopare a blocurilor"},"content":{"rendered":"<p>Ve\u015fti bune pentru giurgiuvenii care vor fi de acord cu introducerea blocului \u00een care locuiesc \u00een programul municipalit\u0103\u0163ii de anvelopare a imobilului, deci de realizare a unor lucr\u0103ri de infrastructur\u0103 privind asigurarea unei izol\u0103ri termice eficiente.<!--more--><\/p>\n<p>Dup\u0103 ce acest tip de lucr\u0103ri efectuate la mai multe blocuri din Cartierul Policlinic\u0103 sunt aproape gata, \u015fi reprezentan\u0163ii Prim\u0103riei Giurgiu anun\u0163\u0103 c\u0103 sunt preg\u0103ti\u0163i s\u0103 depun\u0103 documenta\u0163ii pentru alte cl\u0103diri.<\/p>\n<p>Investi\u0163iile vor fi realizate cu fonduri europene, pe Programul Opera\u0163ional Regional 2014-2020, pe Axa 3.<\/p>\n<p>\u00cen conferin\u0163a de pres\u0103 de miercuri, 31 martie, primarul Nicolae Barbu a anun\u0163at c\u0103 pot fi depuse documenta\u0163ii pentru noi 25 de blocuri ce pot fi anvelopate.<\/p>\n<p><em>\u201eA fost mai greu prima dat\u0103 s\u0103-i convingem pe giurgiuveni c\u0103 este un lucru bun, dar acum, v\u00e2z\u00e2nd c\u0103 se poate, c\u0103 lucr\u0103rile sunt bune, c\u0103 exist\u0103 precedent, este mai u\u015for. Am stat de vorb\u0103 cu cet\u0103\u0163enii din zona \u015ecolii 8, de la Oinac, Tineretului \u015fi urmeaz\u0103 s\u0103 merg pe Negru Vod\u0103, Decebal. Dac\u0103 oamenii sunt de acord, putem demara c\u00e2t mai repede procedura pentru realizarea proiect\u0103rii\u201d<\/em>, a spus Barbu.<\/p>\n<p>El a men\u0163ionat c\u0103 \u00een \u015fedin\u0163a ordinar\u0103 de s\u0103pt\u0103m\u00e2na viitoare, vor fi supuse aprob\u0103rii sumele necesare realiz\u0103rii proiect\u0103rii pentru 25 de blocuri.<\/p>\n<p>Barbu a mai anun\u0163at c\u0103 a ap\u0103rut o noutate legislativ\u0103, potrivit c\u0103reia beneficiarii acestui program vor putea pl\u0103ti un minim de 3,5%- costuri ale lucr\u0103rilor de investi\u0163ii.<\/p>\n<p><em>\u201eVorbim despre persoanele cu handicap sau familiile care au membri cu handicap, persoanele singure sau familiile al c\u0103ror venit lunar, \u00een ultimele 3 luni, nu a dep\u0103\u015fit un salariu mediu net pe fiecare persoan\u0103 \u00een parte. Asta \u00eenseamn\u0103 vreo 1.800 de lei, a\u015fadar cred c\u0103 circa 80% dintre giurgiuveni se pot \u00eencadra. De asemenea, \u00een categoria celor care pot pl\u0103ti mai pu\u0163in, intr\u0103 \u015fi veteranii de r\u0103zboi sau v\u0103duvele de r\u0103zboi, dar \u015fi pensionarii cu un venit sub salariul mediu net\u201d<\/em>, a spus Barbu.<\/p>\n<p>Valoarea sumelor ce vor returnate de c\u0103tre giurgiuvenii persoane fizice, pornind de la minimul de 3,5%, va fi stabilit\u0103, ulterior, tot prin hot\u0103r\u00e2ri ale Consiliului Municipal.<\/p>\n<p>&nbsp;<\/p>\n","protected":false},"excerpt":{"rendered":"<p>Ve\u015fti bune pentru giurgiuvenii care vor fi de acord cu introducerea blocului \u00een care locuiesc \u00een programul municipalit\u0103\u0163ii de anvelopare a imobilului, deci de realizare a unor lucr\u0103ri de infrastructur\u0103 privind asigurarea unei izol\u0103ri termice eficiente.<\/p>\n","protected":false},"author":1,"featured_media":44701,"comment_status":"open","ping_status":"open","sticky":false,"template":"","format":"standard","meta":{"slim_seo":{"title":"Sprijin financiar pentru cei care vor s\u0103 intre \u00een programul de anvelopare a blocurilor - GIURGIU NET","description":"Ve\u015fti bune pentru giurgiuvenii care vor fi de acord cu introducerea blocului \u00een care locuiesc \u00een programul municipalit\u0103\u0163ii de anvelopare a imobilului, deci de r"},"footnotes":""},"categories":[18,26],"tags":[240,1831,2158],"class_list":{"0":"post-44700","1":"post","2":"type-post","3":"status-publish","4":"format-standard","5":"has-post-thumbnail","7":"category-actual","8":"category-soc","9":"tag-anvelorpari-giurgiu","10":"tag-nicolae-barbu","11":"tag-primaria-giurgiu"},"_links":{"self":[{"href":"https:\/\/giurgiu-net.ro\/index.php\/wp-json\/wp\/v2\/posts\/44700","targetHints":{"allow":["GET"]}}],"collection":[{"href":"https:\/\/giurgiu-net.ro\/index.php\/wp-json\/wp\/v2\/posts"}],"about":[{"href":"https:\/\/giurgiu-net.ro\/index.php\/wp-json\/wp\/v2\/types\/post"}],"author":[{"embeddable":true,"href":"https:\/\/giurgiu-net.ro\/index.php\/wp-json\/wp\/v2\/users\/1"}],"replies":[{"embeddable":true,"href":"https:\/\/giurgiu-net.ro\/index.php\/wp-json\/wp\/v2\/comments?post=44700"}],"version-history":[{"count":0,"href":"https:\/\/giurgiu-net.ro\/index.php\/wp-json\/wp\/v2\/posts\/44700\/revisions"}],"wp:featuredmedia":[{"embeddable":true,"href":"https:\/\/giurgiu-net.ro\/index.php\/wp-json\/"}],"wp:attachment":[{"href":"https:\/\/giurgiu-net.ro\/index.php\/wp-json\/wp\/v2\/media?parent=44700"}],"wp:term":[{"taxonomy":"category","embeddable":true,"href":"https:\/\/giurgiu-net.ro\/index.php\/wp-json\/wp\/v2\/categories?post=44700"},{"taxonomy":"post_tag","embeddable":true,"href":"https:\/\/giurgiu-net.ro\/index.php\/wp-json\/wp\/v2\/tags?post=44700"}],"curies":[{"name":"wp","href":"https:\/\/api.w.org\/{rel}","templated":true}]}}