{"id":44687,"date":"2016-03-30T16:08:02","date_gmt":"2016-03-30T13:08:02","guid":{"rendered":"http:\/\/giurgiu-net.ro\/?p=44687"},"modified":"2016-03-30T16:08:02","modified_gmt":"2016-03-30T13:08:02","slug":"ultima-ora-zeci-de-liberali-giurgiuveni-au-parasit-partidul-la-pnl-giurgiu-nu-mai-exista-lider-si-suntem-satui-de-certuri-spun-ei","status":"publish","type":"post","link":"https:\/\/giurgiu-net.ro\/index.php\/2016\/03\/30\/ultima-ora-zeci-de-liberali-giurgiuveni-au-parasit-partidul-la-pnl-giurgiu-nu-mai-exista-lider-si-suntem-satui-de-certuri-spun-ei\/","title":{"rendered":"ULTIMA OR\u0102: Zeci de liberali giurgiuveni au p\u0103r\u0103sit partidul! \u201eLa PNL Giurgiu, nu mai exist\u0103 lider \u015fi suntem s\u0103tui de certuri!\u201d spun ei"},"content":{"rendered":"<p>37 de membri ai organiza\u0163iei municipale a PNL Giurgiu, \u00een frunte cu Marian Pavel(foto jos), au anun\u0163at c\u0103 p\u0103r\u0103sesc forma\u0163iunea. Ei precizeaz\u0103 c\u0103 NU au cerut vreo func\u0163ie, ci doar &#8222;stabilitate \u015fi seriozitate&#8221;.<!--more--><\/p>\n<p><img loading=\"lazy\" decoding=\"async\" class=\"aligncenter size-full wp-image-44688\" src=\"https:\/\/giurgiu-net.ro\/wp-content\/uploads\/2016\/03\/marian-pavel.jpg\" alt=\"marian pavel\" width=\"457\" height=\"457\" \/>Marian Pavel, membru al PNL din anul 2000, a declarat pentru Giurgiu Net c\u0103 marea sa dezam\u0103gire o reprezint\u0103 copre\u015fedintele Dumitru Beianu.<\/p>\n<p><em>\u201eSincer v\u0103 spun, am avut mare \u00eencredere \u00een Beianu, l-am considerat un continuator al lucrurilor bune f\u0103cute de Iliescu. Am crezut \u00een el, am crezut c\u0103 vrea s\u0103 fac\u0103 treab\u0103 la PNL. Am \u015fi muncit pentru el din momentul \u00een care a zis c\u0103 vrea s\u0103 candideze la Prim\u0103rie. L-am plimbat ca pe urs prin zona de care r\u0103spund \u015fi am ajuns acum s\u0103 le tot justific oamenilor de ce s-a r\u0103zg\u00e2ndit. L-am \u00eentrebat \u015fi eu ce dore\u015fte \u015fi mi-a r\u0103spuns mereu \u00een stilul lui caracteristic, adic\u0103 acela de a face &lt;&lt;balet printre vorbe&gt;&gt;\u201d<\/em>, ne-a spus Pavel.<\/p>\n<p>El a men\u0163ionat c\u0103 cei din conducerea PNL nu le-ar fi cerut p\u0103rerea liberalilor care pleac\u0103 acum din partid cu privire la nicio decizie major\u0103.<\/p>\n<p><em>\u201eNici dac\u0103 suntem de acord cu Floricel, cu nimic. A reap\u0103rut, de exemplu, din senin, Ujeniuc pe care l-au pus prim-vicepre\u015fedinte. Plus c\u0103, dac\u0103 \u00eenainte de turul II al alegerilor preziden\u0163iale, veneau pe la sediu 3-4-5 PDL-i\u015fti, acum sunt vreo 30-40. Mai sunt \u015fi fo\u015fti social-democra\u0163i&#8230; Cei care pleac\u0103 odat\u0103 cu mine \u00eemi sunt prieteni, colegi, vecini, rude \u015fi v\u0103 spun sincer c\u0103 ne-am s\u0103turat de certuri \u00een partid, de \u00eenlocuiri peste noapte, de schimb\u0103ri peste noapte. Nu le-am cerut nimic, nicio func\u0163ie \u015fi suntem oameni cu cotiza\u0163ia la zi! Problema este c\u0103 nu mai exist\u0103 lider la PNL Giurgiu\u201d,<\/em> ne-a mai spus Marian Pavel.<\/p>\n<p>El a precizat c\u0103, de\u015fi au fost curta\u0163i de mai mul\u0163i lideri politici, nu vor pleca, cel pu\u0163in nu acum, la vreun alt partid. \u201e<em>Nu am plecat de la PNL ca s\u0103 ne ducem \u00een alt\u0103 parte, dar asta nu \u00eenseamn\u0103 c\u0103 nu putem sus\u0163ine \u00een alegeri pe cine credem c\u0103 ne poate reprezenta!\u201d<\/em>, a subliniat Pavel.<\/p>\n<p>\u00centrebat despre cel\u0103lalt copre\u015fedinte, Gheorghe \u015etefan, Marian Pavel a spus c\u0103 acesta s-ar fi deta\u015fat de aceste probleme.<em> \u201eNu \u015ftiu ce se \u00eent\u00e2mpl\u0103 cu el. Ori \u00ee\u015fi preg\u0103te\u015fte retragerea, ori nu vrea s\u0103 se bage \u00een a\u015fa ceva, pentru c\u0103 nu se mai implic\u0103!\u201d<\/em>, a mai declarat Pavel.<\/p>\n<p>Plecarea celor 37 de liberali din PNL vine dup\u0103 p\u0103r\u0103sirea organiza\u0163iei de la Giurgiu a altor membri vechi, precum Noru\u0163 St\u0103ni\u015fteanu, Constatin Preda, Marius Ghinea \u015fi Corneliu Minc\u0103.<\/p>\n","protected":false},"excerpt":{"rendered":"<p>37 de membri ai organiza\u0163iei municipale a PNL Giurgiu, \u00een frunte cu Marian Pavel(foto jos), au anun\u0163at c\u0103 p\u0103r\u0103sesc forma\u0163iunea. Ei precizeaz\u0103 c\u0103 NU au cerut vreo func\u0163ie, ci doar &#8222;stabilitate \u015fi seriozitate&#8221;.<\/p>\n","protected":false},"author":1,"featured_media":43893,"comment_status":"open","ping_status":"open","sticky":false,"template":"","format":"standard","meta":{"slim_seo":{"title":"ULTIMA OR\u0102: Zeci de liberali giurgiuveni au p\u0103r\u0103sit partidul! \u201eLa PNL Giurgiu, nu mai exist\u0103 lider \u015fi suntem s\u0103tui de certuri!\u201d spun ei - GIURGIU NET","description":"37 de membri ai organiza\u0163iei municipale a PNL Giurgiu, \u00een frunte cu Marian Pavel(foto jos), au anun\u0163at c\u0103 p\u0103r\u0103sesc forma\u0163iunea. Ei precizeaz\u0103 c\u0103 NU au cerut vre"},"footnotes":""},"categories":[18,25,28],"tags":[1004,1629,2027],"class_list":{"0":"post-44687","1":"post","2":"type-post","3":"status-publish","4":"format-standard","5":"has-post-thumbnail","7":"category-actual","8":"category-pol","9":"category-uo","10":"tag-dumitru-beianu","11":"tag-marian-pavel","12":"tag-pnl-giurgiu"},"_links":{"self":[{"href":"https:\/\/giurgiu-net.ro\/index.php\/wp-json\/wp\/v2\/posts\/44687","targetHints":{"allow":["GET"]}}],"collection":[{"href":"https:\/\/giurgiu-net.ro\/index.php\/wp-json\/wp\/v2\/posts"}],"about":[{"href":"https:\/\/giurgiu-net.ro\/index.php\/wp-json\/wp\/v2\/types\/post"}],"author":[{"embeddable":true,"href":"https:\/\/giurgiu-net.ro\/index.php\/wp-json\/wp\/v2\/users\/1"}],"replies":[{"embeddable":true,"href":"https:\/\/giurgiu-net.ro\/index.php\/wp-json\/wp\/v2\/comments?post=44687"}],"version-history":[{"count":0,"href":"https:\/\/giurgiu-net.ro\/index.php\/wp-json\/wp\/v2\/posts\/44687\/revisions"}],"wp:featuredmedia":[{"embeddable":true,"href":"https:\/\/giurgiu-net.ro\/index.php\/wp-json\/wp\/v2\/media\/43893"}],"wp:attachment":[{"href":"https:\/\/giurgiu-net.ro\/index.php\/wp-json\/wp\/v2\/media?parent=44687"}],"wp:term":[{"taxonomy":"category","embeddable":true,"href":"https:\/\/giurgiu-net.ro\/index.php\/wp-json\/wp\/v2\/categories?post=44687"},{"taxonomy":"post_tag","embeddable":true,"href":"https:\/\/giurgiu-net.ro\/index.php\/wp-json\/wp\/v2\/tags?post=44687"}],"curies":[{"name":"wp","href":"https:\/\/api.w.org\/{rel}","templated":true}]}}