{"id":44684,"date":"2016-03-30T15:23:21","date_gmt":"2016-03-30T12:23:21","guid":{"rendered":"http:\/\/giurgiu-net.ro\/?p=44684"},"modified":"2016-03-30T15:23:21","modified_gmt":"2016-03-30T12:23:21","slug":"pasarea-rock-loredana-si-stefan-banica-vor-canta-la-giurgiu-de-zilele-orasului","status":"publish","type":"post","link":"https:\/\/giurgiu-net.ro\/index.php\/2016\/03\/30\/pasarea-rock-loredana-si-stefan-banica-vor-canta-la-giurgiu-de-zilele-orasului\/","title":{"rendered":"Pas\u0103rea Rock, Loredana \u015fi \u015etefan B\u0103nic\u0103 vor c\u00e2nta la Giurgiu, de Zilele Ora\u015fului"},"content":{"rendered":"<p>Ei sunt, de altfel, cei care vor sus\u0163ine recitaluri \u00een cele trei seri de s\u0103rb\u0103toare, deoarece mai mul\u0163i arti\u015fti consacra\u0163i la nivel na\u0163ional, dar \u015fi cei din plan local, vor urca pe scena amplasat\u0103 \u00een fa\u0163a Teatrului \u201eTudor Vianu\u201d.<!--more--><\/p>\n<p>Despre programul artistic desf\u0103\u015furat de Zilele Municipiului a vorbit, miercuri, \u00een conferin\u0163\u0103 de pres\u0103, edilul-\u015fef, Nicolae Barbu.<\/p>\n<p>El a spus c\u0103 petrecerea va \u00eencepe vineri, 22 aprilie, \u015fi se va \u00eencheia duminic\u0103, 24 aprilie.<\/p>\n<p><em>\u201eSeara de 22 aprilie va \u00eencepe cu un concert al trupei Zoralia ce va prezenta publicului muzic\u0103 tip Goran Bregovic. Recitalul va fi sus\u0163inut de Pas\u0103rea Rock din care fac parte renumi\u0163ii Baniciu, Cnejevici \u015fi Lipan. S\u00e2mb\u0103t\u0103, pe 23 aprilie, vom avea un concert al l\u0103utarilor din Chi\u015fin\u0103u, cu maestrul Botgros, dar vor c\u00e2nta \u015fi Valentin Zamfira \u015fi Ioan Paladi\u201d<\/em>, a spus Barbu.<\/p>\n<p>S\u00e2mb\u0103t\u0103 seara, Loredana va sus\u0163ine un recital pe scena giurgiuvean\u0103.<\/p>\n<p>Duminic\u0103, vor veni s\u0103 c\u00e2nte la Giurgiu Livia Buble, Nicoleta Nuc\u0103, Shift iar seara se va \u00eencheia cu un recital semnat \u015etefan B\u0103nic\u0103 Junior.<\/p>\n<p>\u201eLe reamintesc giurgiuvenilor, pe care \u00eei a\u015ftept\u0103m \u00een num\u0103r c\u00e2t mai mare la Zilele Ora\u015fului, c\u0103 toate activit\u0103\u0163ile sunt realizate exclusiv cu sponsoriz\u0103ri\u201d, a mai spus Barbu.<\/p>\n","protected":false},"excerpt":{"rendered":"<p>Ei sunt, de altfel, cei care vor sus\u0163ine recitaluri \u00een cele trei seri de s\u0103rb\u0103toare, deoarece mai mul\u0163i arti\u015fti consacra\u0163i la nivel na\u0163ional, dar \u015fi cei din plan local, vor urca pe scena amplasat\u0103 \u00een fa\u0163a Teatrului \u201eTudor Vianu\u201d.<\/p>\n","protected":false},"author":1,"featured_media":44685,"comment_status":"open","ping_status":"open","sticky":false,"template":"","format":"standard","meta":{"slim_seo":{"title":"Pas\u0103rea Rock, Loredana \u015fi \u015etefan B\u0103nic\u0103 vor c\u00e2nta la Giurgiu, de Zilele Ora\u015fului - GIURGIU NET","description":"Ei sunt, de altfel, cei care vor sus\u0163ine recitaluri \u00een cele trei seri de s\u0103rb\u0103toare, deoarece mai mul\u0163i arti\u015fti consacra\u0163i la nivel na\u0163ional, dar \u015fi cei din pla"},"footnotes":""},"categories":[18,31,28],"tags":[1566,1831,1934,2158,2550,2806],"class_list":{"0":"post-44684","1":"post","2":"type-post","3":"status-publish","4":"format-standard","5":"has-post-thumbnail","7":"category-actual","8":"category-mon","9":"category-uo","10":"tag-loredana","11":"tag-nicolae-barbu","12":"tag-pasarea-rock","13":"tag-primaria-giurgiu","14":"tag-stefan-banica-junior","15":"tag-zilele-orasului"},"_links":{"self":[{"href":"https:\/\/giurgiu-net.ro\/index.php\/wp-json\/wp\/v2\/posts\/44684","targetHints":{"allow":["GET"]}}],"collection":[{"href":"https:\/\/giurgiu-net.ro\/index.php\/wp-json\/wp\/v2\/posts"}],"about":[{"href":"https:\/\/giurgiu-net.ro\/index.php\/wp-json\/wp\/v2\/types\/post"}],"author":[{"embeddable":true,"href":"https:\/\/giurgiu-net.ro\/index.php\/wp-json\/wp\/v2\/users\/1"}],"replies":[{"embeddable":true,"href":"https:\/\/giurgiu-net.ro\/index.php\/wp-json\/wp\/v2\/comments?post=44684"}],"version-history":[{"count":0,"href":"https:\/\/giurgiu-net.ro\/index.php\/wp-json\/wp\/v2\/posts\/44684\/revisions"}],"wp:featuredmedia":[{"embeddable":true,"href":"https:\/\/giurgiu-net.ro\/index.php\/wp-json\/"}],"wp:attachment":[{"href":"https:\/\/giurgiu-net.ro\/index.php\/wp-json\/wp\/v2\/media?parent=44684"}],"wp:term":[{"taxonomy":"category","embeddable":true,"href":"https:\/\/giurgiu-net.ro\/index.php\/wp-json\/wp\/v2\/categories?post=44684"},{"taxonomy":"post_tag","embeddable":true,"href":"https:\/\/giurgiu-net.ro\/index.php\/wp-json\/wp\/v2\/tags?post=44684"}],"curies":[{"name":"wp","href":"https:\/\/api.w.org\/{rel}","templated":true}]}}