{"id":44680,"date":"2016-03-30T15:06:49","date_gmt":"2016-03-30T12:06:49","guid":{"rendered":"http:\/\/giurgiu-net.ro\/?p=44680"},"modified":"2016-03-30T15:06:49","modified_gmt":"2016-03-30T12:06:49","slug":"premiera-80-de-actori-vor-reconstitui-drumul-crucii-la-giurgiu","status":"publish","type":"post","link":"https:\/\/giurgiu-net.ro\/index.php\/2016\/03\/30\/premiera-80-de-actori-vor-reconstitui-drumul-crucii-la-giurgiu\/","title":{"rendered":"PREMIER\u0102: 80 de actori vor reconstitui \u201eDrumul Crucii\u201d, la Giurgiu"},"content":{"rendered":"<p>Acest eveniment, ce se desf\u0103\u015foar\u0103 de mai mul\u0163i ani \u00een mari ora\u015fe din Rom\u00e2nia, va avea loc \u015fi \u00een urbea noastr\u0103, chiar \u00een S\u0103pt\u0103m\u00e2na Patimilor. Anun\u0163ul a fost f\u0103cut, miercuri, 30 martie, \u00een conferin\u0163\u0103 de pres\u0103, de c\u0103tre primarul municipiului, Nicolae Barbu.<!--more--><\/p>\n<p><em>\u201eCei 80 de actori din trupa care desf\u0103\u015foar\u0103 aceast\u0103 activitate vor reconstitui Drumul Crucii, cu cele 13 opriri, f\u0103cut de Iisus Hristos pe Muntele Golgota. Am v\u0103zut, anul trecut, ceremonialul de la Bistri\u0163a \u015fi am r\u0103mas impresionat. A fost g\u0103sit un loc liber \u00een calendarul trupei \u015fi au decis s\u0103 vin\u0103 \u015fi la Giurgiu\u201d, <\/em>a spus Barbu.<img loading=\"lazy\" decoding=\"async\" class=\"aligncenter size-full wp-image-44682\" src=\"https:\/\/giurgiu-net.ro\/wp-content\/uploads\/2016\/03\/DSC_0082-1.jpg\" alt=\"DSC_0082\" width=\"530\" height=\"800\" \/><\/p>\n<p>Evenimentul va avea loc luni, 25 aprilie, de la ora 17.00. <em>\u201eTraseul este de un kilometru, va \u00eencepe de la intersec\u0163ia cu Daciei, pe \u015eoseaua Bucure\u015fti, \u015fi se va \u00eencheia \u00een fa\u0163a Teatrului. Acest ceremonial a fost inclus \u00een programul Prim\u0103verii Culturale Giurgiuvene, desf\u0103\u015furat de Centrul Cultural Ion Vinea. Men\u0163ionez c\u0103 cei 80 de actori sunt voluntari, noi le asigur\u0103m doar transportul, cazarea \u015fi mesele\u201d<\/em>, a subliniat primarul de Giurgiu.<\/p>\n<p>Despre cum s-au desf\u0103\u015furat ceremonialele \u00een alte ora\u015fe ale Rom\u00e2niei, v\u0103 pute\u0163i informa <a href=\"https:\/\/www.drumulcrucii.ro\/index.php?lc=7\" target=\"_blank\" rel=\"noopener\">AICI.<\/a><\/p>\n<p>&nbsp;<\/p>\n<p><em>\u00a0<\/em><\/p>\n","protected":false},"excerpt":{"rendered":"<p>Acest eveniment, ce se desf\u0103\u015foar\u0103 de mai mul\u0163i ani \u00een mari ora\u015fe din Rom\u00e2nia, va avea loc \u015fi \u00een urbea noastr\u0103, chiar \u00een S\u0103pt\u0103m\u00e2na Patimilor. Anun\u0163ul a fost f\u0103cut, miercuri, 30 martie, \u00een conferin\u0163\u0103 de pres\u0103, de c\u0103tre primarul municipiului, Nicolae Barbu.<\/p>\n","protected":false},"author":1,"featured_media":44681,"comment_status":"open","ping_status":"open","sticky":false,"template":"","format":"standard","meta":{"slim_seo":{"title":"PREMIER\u0102: 80 de actori vor reconstitui \u201eDrumul Crucii\u201d, la Giurgiu - GIURGIU NET","description":"Acest eveniment, ce se desf\u0103\u015foar\u0103 de mai mul\u0163i ani \u00een mari ora\u015fe din Rom\u00e2nia, va avea loc \u015fi \u00een urbea noastr\u0103, chiar \u00een S\u0103pt\u0103m\u00e2na Patimilor. Anun\u0163ul a fost f\u0103cu"},"footnotes":""},"categories":[18,29,26,28],"tags":[984,1831,2158],"class_list":{"0":"post-44680","1":"post","2":"type-post","3":"status-publish","4":"format-standard","5":"has-post-thumbnail","7":"category-actual","8":"category-educatie-si-cultura","9":"category-soc","10":"category-uo","11":"tag-drumul-crucii","12":"tag-nicolae-barbu","13":"tag-primaria-giurgiu"},"_links":{"self":[{"href":"https:\/\/giurgiu-net.ro\/index.php\/wp-json\/wp\/v2\/posts\/44680","targetHints":{"allow":["GET"]}}],"collection":[{"href":"https:\/\/giurgiu-net.ro\/index.php\/wp-json\/wp\/v2\/posts"}],"about":[{"href":"https:\/\/giurgiu-net.ro\/index.php\/wp-json\/wp\/v2\/types\/post"}],"author":[{"embeddable":true,"href":"https:\/\/giurgiu-net.ro\/index.php\/wp-json\/wp\/v2\/users\/1"}],"replies":[{"embeddable":true,"href":"https:\/\/giurgiu-net.ro\/index.php\/wp-json\/wp\/v2\/comments?post=44680"}],"version-history":[{"count":0,"href":"https:\/\/giurgiu-net.ro\/index.php\/wp-json\/wp\/v2\/posts\/44680\/revisions"}],"wp:featuredmedia":[{"embeddable":true,"href":"https:\/\/giurgiu-net.ro\/index.php\/wp-json\/"}],"wp:attachment":[{"href":"https:\/\/giurgiu-net.ro\/index.php\/wp-json\/wp\/v2\/media?parent=44680"}],"wp:term":[{"taxonomy":"category","embeddable":true,"href":"https:\/\/giurgiu-net.ro\/index.php\/wp-json\/wp\/v2\/categories?post=44680"},{"taxonomy":"post_tag","embeddable":true,"href":"https:\/\/giurgiu-net.ro\/index.php\/wp-json\/wp\/v2\/tags?post=44680"}],"curies":[{"name":"wp","href":"https:\/\/api.w.org\/{rel}","templated":true}]}}