{"id":44590,"date":"2016-03-24T15:33:01","date_gmt":"2016-03-24T13:33:01","guid":{"rendered":"http:\/\/giurgiu-net.ro\/?p=44590"},"modified":"2016-03-24T15:33:01","modified_gmt":"2016-03-24T13:33:01","slug":"lider-al-psd-giurgiu-despre-excluderea-unor-femei-din-partid-noi-n-am-pornit-niciun-jihad-doar-ca-ne-respectam-membrii-de-partid-si-pe-noi-insine","status":"publish","type":"post","link":"https:\/\/giurgiu-net.ro\/index.php\/2016\/03\/24\/lider-al-psd-giurgiu-despre-excluderea-unor-femei-din-partid-noi-n-am-pornit-niciun-jihad-doar-ca-ne-respectam-membrii-de-partid-si-pe-noi-insine\/","title":{"rendered":"Lider al PSD Giurgiu, despre excluderea unor femei din partid: \u201eNoi n-am pornit niciun jihad, doar c\u0103 ne respect\u0103m membrii de partid \u015fi pe noi \u00een\u015fine!\u201d"},"content":{"rendered":"<p>Desigur c\u0103 reprezentan\u0163ii fiec\u0103rei forma\u0163iuni politice au dreptul s\u0103-\u015fi fac\u0103 strategia de campanie cum doresc \u015fi baz\u00e2ndu-se pe ce consider\u0103 c\u0103 i-ar putea ridica \u00een ochii aleg\u0103torilor. Cei de la ALDE Giurgiu, prin vocea candidatului lor la Prim\u0103rie, Alexandru Vladu, \u015fi sus\u0163in\u0103torii au ales o strategie bazat\u0103, se pare, pe \u201evictimizare\u201d.<!--more--><\/p>\n<p>Astfel, chiar dac\u0103 a fost v\u0103zut, \u00een mai multe r\u00e2nduri, sus\u0163in\u00e2nd activit\u0103\u0163i ale ALDE, de\u015fi \u00een PSD, Alexandru Vladu a declarat c\u0103 ar fi fost executat de c\u0103tre un social-democrat, deci, dat afar\u0103 din partid \u201epe nedrept\u201d.<\/p>\n<p>La fel \u015fi c\u00e2teva doamne din organiza\u0163ia municipal\u0103 a Femeilor Social-Democrate din Giurgiu, excluse recent din forma\u0163iunea politic\u0103. At\u00e2t Nicolae Barbu, c\u00e2t \u015fi liderul structurii men\u0163ionate, Petronela S\u0103ndulescu, au fost acuza\u0163i de \u201ejihad\u201d \u00een ceea ce-i prive\u015fte pe membrii PSD care \u00eei fac campanie lui Vladu de la ALDE&#8230;<\/p>\n<p><em>\u201e\u00cen urma trecerii domnului Vladu la ALDE, le-am transmis tuturor membrilor de partid c\u0103, f\u0103r\u0103 sup\u0103rare, au dreptul s\u0103 aleag\u0103 pe cine sus\u0163in. S\u0103 aleag\u0103, f\u0103r\u0103 s\u0103 intr\u0103m \u00een polemici! Dac\u0103 vor s\u0103 mearg\u0103 al\u0103turi de un alt candidat dec\u00e2t cel al PSD, e \u00een regul\u0103, dar doar s\u0103 spun\u0103! Le-am transmis, de asemenea, s\u0103 respecte Codul de Etic\u0103 al PSD(&#8230;). O parte n-a \u00een\u0163eles acest lucru, au \u00eenc\u0103lcat prevederi ale Codului, astfel c\u0103\u00a0persoanele respective au fost excluse din organiza\u0163ia municipal\u0103 a OFSD, dar \u015fi din partid\u201d<\/em>, a declarat Nicolae Barbu, joi, 24 martie, \u00een conferin\u0163\u0103 de pres\u0103.<img loading=\"lazy\" decoding=\"async\" class=\"aligncenter wp-image-44591 size-large\" src=\"https:\/\/giurgiu-net.ro\/wp-content\/uploads\/2016\/03\/DSC_0026-2-300x199.jpg\" alt=\"DSC_0026\" width=\"300\" height=\"199\" \/><\/p>\n<p>El a men\u0163ionat c\u0103 multe dintre doamnele excluse din PSD au \u00een\u0163eles \u015fi au luat situa\u0163ia ca atare, cu maturitate, \u00een timp ce altele au lansat acuza\u0163ii dure pe re\u0163elele de socializare.<\/p>\n<p><em>\u201eNoi n-am pornit niciun jihad, nici talibani nu suntem, doar c\u0103 ne respect\u0103m membrii \u015fi pe noi \u00een\u015fine! Domnul Vladu a anun\u0163at c\u0103 vrea s\u0103 fie primar din partea ALDE, e firesc s\u0103-l sus\u0163in\u0103 unii sau al\u0163ii, dar mai firesc este s\u0103-\u015fi urmeze candidatul, nu s\u0103 r\u0103m\u00e2n\u0103 la PSD\u201d<\/em>, a mai declarat Barbu.<\/p>\n<p>&nbsp;<\/p>\n","protected":false},"excerpt":{"rendered":"<p>Desigur c\u0103 reprezentan\u0163ii fiec\u0103rei forma\u0163iuni politice au dreptul s\u0103-\u015fi fac\u0103 strategia de campanie cum doresc \u015fi baz\u00e2ndu-se pe ce consider\u0103 c\u0103 i-ar putea ridica \u00een ochii aleg\u0103torilor. Cei de la ALDE Giurgiu, prin vocea candidatului lor la Prim\u0103rie, Alexandru Vladu, \u015fi sus\u0163in\u0103torii au ales o strategie bazat\u0103, se pare, pe \u201evictimizare\u201d.<\/p>\n","protected":false},"author":1,"featured_media":36922,"comment_status":"open","ping_status":"open","sticky":false,"template":"","format":"standard","meta":{"slim_seo":{"title":"Lider al PSD Giurgiu, despre excluderea unor femei din partid: \u201eNoi n-am pornit niciun jihad, doar c\u0103 ne respect\u0103m membrii de partid \u015fi pe noi \u00een\u015fine!\u201d - GIURGIU NET","description":"Desigur c\u0103 reprezentan\u0163ii fiec\u0103rei forma\u0163iuni politice au dreptul s\u0103-\u015fi fac\u0103 strategia de campanie cum doresc \u015fi baz\u00e2ndu-se pe ce consider\u0103 c\u0103 i-ar putea ridica"},"footnotes":""},"categories":[18,25,28],"tags":[157,1831,1866,1991],"class_list":["post-44590","post","type-post","status-publish","format-standard","has-post-thumbnail","category-actual","category-pol","category-uo","tag-alegeri-2016","tag-nicolae-barbu","tag-ofsd","tag-petronela-sandulescu"],"_links":{"self":[{"href":"https:\/\/giurgiu-net.ro\/index.php\/wp-json\/wp\/v2\/posts\/44590","targetHints":{"allow":["GET"]}}],"collection":[{"href":"https:\/\/giurgiu-net.ro\/index.php\/wp-json\/wp\/v2\/posts"}],"about":[{"href":"https:\/\/giurgiu-net.ro\/index.php\/wp-json\/wp\/v2\/types\/post"}],"author":[{"embeddable":true,"href":"https:\/\/giurgiu-net.ro\/index.php\/wp-json\/wp\/v2\/users\/1"}],"replies":[{"embeddable":true,"href":"https:\/\/giurgiu-net.ro\/index.php\/wp-json\/wp\/v2\/comments?post=44590"}],"version-history":[{"count":0,"href":"https:\/\/giurgiu-net.ro\/index.php\/wp-json\/wp\/v2\/posts\/44590\/revisions"}],"wp:featuredmedia":[{"embeddable":true,"href":"https:\/\/giurgiu-net.ro\/index.php\/wp-json\/wp\/v2\/media\/36922"}],"wp:attachment":[{"href":"https:\/\/giurgiu-net.ro\/index.php\/wp-json\/wp\/v2\/media?parent=44590"}],"wp:term":[{"taxonomy":"category","embeddable":true,"href":"https:\/\/giurgiu-net.ro\/index.php\/wp-json\/wp\/v2\/categories?post=44590"},{"taxonomy":"post_tag","embeddable":true,"href":"https:\/\/giurgiu-net.ro\/index.php\/wp-json\/wp\/v2\/tags?post=44590"}],"curies":[{"name":"wp","href":"https:\/\/api.w.org\/{rel}","templated":true}]}}