{"id":44567,"date":"2016-03-22T07:00:30","date_gmt":"2016-03-22T05:00:30","guid":{"rendered":"http:\/\/giurgiu-net.ro\/?p=44567"},"modified":"2016-03-22T07:00:30","modified_gmt":"2016-03-22T05:00:30","slug":"un-bucurestean-vrut-sa-treaca-vama-giurgiu-ascuns-intr-o-autoutilitara-dupa-ce-si-a-pierdut-buletinul","status":"publish","type":"post","link":"https:\/\/giurgiu-net.ro\/index.php\/2016\/03\/22\/un-bucurestean-vrut-sa-treaca-vama-giurgiu-ascuns-intr-o-autoutilitara-dupa-ce-si-a-pierdut-buletinul\/","title":{"rendered":"Un bucure\u015ftean a vrut s\u0103 treac\u0103 Vama Giurgiu, ascuns \u00eentr-o autoutilitar\u0103, dup\u0103 ce \u015fi-a pierdut buletinul"},"content":{"rendered":"<p>B\u0103rbatul, \u00een v\u00e2rst\u0103 de 49 de ani, a fost \u201eprins\u201d ieri, la Punctul de Trecere a Frontierei Giurgiu.<!--more--><\/p>\n<p>Poli\u0163i\u015ftii de frontier\u0103 au oprit pentru control un microbuz, ce transporta conserve de pe\u015fte din Rom\u00e2nia pentru o societate comercial\u0103 din Bulgaria, ma\u015fina fiind condus\u0103 de un rom\u00e2n, \u00een v\u00e2rst\u0103 de 53 de ani.<\/p>\n<p><em>\u201eProced\u00e2nd la verificarea mijlocului de transport, poli\u0163i\u015ftii de frontier\u0103 au descoperit, ascuns\u0103 \u00een compartimentul marf\u0103, o persoan\u0103 de sex masculin de aproximativ 50 de ani, vorbitoare de limba rom\u00e2n\u0103. La cercet\u0103ri, s-a stabilit c\u0103 persoana ascuns\u0103 se nume\u015fte Viorel P., \u00een v\u00e2rst\u0103 de 49 de ani, cu domiciliul \u00een Bucure\u015fti. El a declarat c\u0103 l-a rugat pe \u015foferul microbuzului, colegul s\u0103u, s\u0103 \u00eel ascund\u0103 \u00een compartimentul marf\u0103 pentru c\u0103 a pierdut cartea de identitate, pa\u015faportul a expirat \u015fi dorea s\u0103 rezolve o problem\u0103 urgent\u0103 de serviciu \u00een Bulgaria\u201d<\/em>, anun\u0163\u0103 poli\u0163i\u015ftii, printr-un comunicat.<\/p>\n<p>Ei au \u00eentrerupt c\u0103l\u0103toria persoanelor \u00een cauz\u0103 \u015fi le-au \u00eentocmit dosare penale pentru s\u0103v\u00e2r\u015firea infrac\u0163iunilor de trecere frauduloas\u0103 a frontierei de stat \u015fi complicitate la trecere frauduloas\u0103 a frontierei de stat.<\/p>\n","protected":false},"excerpt":{"rendered":"<p>B\u0103rbatul, \u00een v\u00e2rst\u0103 de 49 de ani, a fost \u201eprins\u201d ieri, la Punctul de Trecere a Frontierei Giurgiu.<\/p>\n","protected":false},"author":1,"featured_media":38919,"comment_status":"open","ping_status":"open","sticky":false,"template":"","format":"standard","meta":{"slim_seo":{"title":"Un bucure\u015ftean a vrut s\u0103 treac\u0103 Vama Giurgiu, ascuns \u00eentr-o autoutilitar\u0103, dup\u0103 ce \u015fi-a pierdut buletinul - GIURGIU NET","description":"B\u0103rbatul, \u00een v\u00e2rst\u0103 de 49 de ani, a fost \u201eprins\u201d ieri, la Punctul de Trecere a Frontierei Giurgiu. Poli\u0163i\u015ftii de frontier\u0103 au oprit pentru control un microbuz,"},"footnotes":""},"categories":[18,26],"tags":[2718],"class_list":["post-44567","post","type-post","status-publish","format-standard","has-post-thumbnail","category-actual","category-soc","tag-vama-giurgiu"],"_links":{"self":[{"href":"https:\/\/giurgiu-net.ro\/index.php\/wp-json\/wp\/v2\/posts\/44567","targetHints":{"allow":["GET"]}}],"collection":[{"href":"https:\/\/giurgiu-net.ro\/index.php\/wp-json\/wp\/v2\/posts"}],"about":[{"href":"https:\/\/giurgiu-net.ro\/index.php\/wp-json\/wp\/v2\/types\/post"}],"author":[{"embeddable":true,"href":"https:\/\/giurgiu-net.ro\/index.php\/wp-json\/wp\/v2\/users\/1"}],"replies":[{"embeddable":true,"href":"https:\/\/giurgiu-net.ro\/index.php\/wp-json\/wp\/v2\/comments?post=44567"}],"version-history":[{"count":0,"href":"https:\/\/giurgiu-net.ro\/index.php\/wp-json\/wp\/v2\/posts\/44567\/revisions"}],"wp:featuredmedia":[{"embeddable":true,"href":"https:\/\/giurgiu-net.ro\/index.php\/wp-json\/wp\/v2\/media\/38919"}],"wp:attachment":[{"href":"https:\/\/giurgiu-net.ro\/index.php\/wp-json\/wp\/v2\/media?parent=44567"}],"wp:term":[{"taxonomy":"category","embeddable":true,"href":"https:\/\/giurgiu-net.ro\/index.php\/wp-json\/wp\/v2\/categories?post=44567"},{"taxonomy":"post_tag","embeddable":true,"href":"https:\/\/giurgiu-net.ro\/index.php\/wp-json\/wp\/v2\/tags?post=44567"}],"curies":[{"name":"wp","href":"https:\/\/api.w.org\/{rel}","templated":true}]}}