{"id":43703,"date":"2016-01-29T15:33:57","date_gmt":"2016-01-29T13:33:57","guid":{"rendered":"http:\/\/giurgiu-net.ro\/?p=43703"},"modified":"2016-01-29T15:33:57","modified_gmt":"2016-01-29T13:33:57","slug":"social-democratii-giurgiuveni-continua-sa-i-sprijine-pe-primari-cu-proiectele-de-dezvoltare","status":"publish","type":"post","link":"https:\/\/giurgiu-net.ro\/index.php\/2016\/01\/29\/social-democratii-giurgiuveni-continua-sa-i-sprijine-pe-primari-cu-proiectele-de-dezvoltare\/","title":{"rendered":"Social-democra\u0163ii giurgiuveni continu\u0103 s\u0103-i sprijine pe primari cu proiectele de dezvoltare"},"content":{"rendered":"<p><!--more--><\/p>\n<p>Alocarea a 1.000 de miliarde de lei vechi, \u00een doar doi ani, de la bugetul de stat c\u0103tre prim\u0103riile din Giurgiu, sute de kilometri de drumuri comunale \u015fi str\u0103zi asfaltate, introducerea re\u0163elei de ap\u0103 \u015fi lista realiz\u0103rilor\u00a0continu\u0103.\u00a0Cu acestea se vor prezenta \u00een fa\u0163a aleg\u0103torilor social-democra\u0163ii giurgiuveni care i-au consiliat, \u00eendrumat \u015fi sprijinit pe primari \u00een a depune \u015fi c\u00e2\u015ftiga proiecte de dezvoltare a localit\u0103\u0163ilor pe care le administreaz\u0103.<\/p>\n<p>Vicepre\u015fedinte al PSD Giurgiu, dar \u015fi al Consiliului Jude\u0163ean, Cristian Marciu, a vorbit, la conferin\u0163a de pres\u0103, vineri, 29 ianuarie, despre urm\u0103torii pa\u015fi ce \u00eei fac primarii pentru a continua ceea ce au \u00eenceput.<\/p>\n<p><em>\u201e\u00cen aceast\u0103 perioad\u0103, m-am ocupat de un dialog permanent cu primarii cu privire la documentele ce trebuie depuse la Ministerul Dezvolt\u0103rii pentru ca finan\u0163area proiectelor depuse pe Ordonan\u0163a 28 s\u0103 continue \u015fi \u00een 2016. Este \u015ftiut c\u0103 TVA-ul a sc\u0103zut de la 1 ianuarie, de la 24 la 20%. Astfel, trebuie f\u0103cute calcule noi la contractele de servicii. Acela\u015fi lucru va fi f\u0103cut \u015fi \u00een 2017, c\u00e2nd TVA-ul ar trebui s\u0103 scad\u0103 la 19%\u201d<\/em>, a precizat Marciu.<\/p>\n<p>El a explicat c\u0103, totodat\u0103, noile documente ce trebuie trimise la Ministerul Dezvolt\u0103rii vizeaz\u0103 \u015fi dovezi c\u0103 lucr\u0103rile sunt \u00een desf\u0103\u015furare, \u00een termen \u015fi c\u0103 toate autoriza\u0163iile sunt \u00een termen.<\/p>\n<p><em>\u201eUnii primari au reac\u0163ionat mai rapid, al\u0163ii mai greu, dar au \u00een\u0163eles c\u0103 trebuie s\u0103 re\u00eentocmeasc\u0103 documenta\u0163ia pentru a primi banii, astfel \u00eenc\u00e2t, deoarece vremea permite acum, s\u0103 reia lucr\u0103rile\u201d<\/em>, a mai spus Marciu.<\/p>\n<p>Pe de alt\u0103 parte, el a anun\u0163at c\u0103 s\u0103pt\u0103m\u00e2na viitoare, la Consiliul Jude\u0163ean va avea loc o \u00eent\u00e2lnire cu primarii privind discu\u0163ii pe tema banilor pentru echilibrare.<\/p>\n<p><em>\u201eSuma nu este foarte mare, ce-i drept, 90 de miliarde de lei vechi, dar credem c\u0103 am g\u0103sit modul\u00a0de echilibrare pentru \u00eemp\u0103r\u0163irea sumelor, \u0163in\u00e2nd cont de arieratele, proiectele, \u00eemprumuturile unit\u0103\u0163ilor administrativ-teritoriale\u201d<\/em>, a precizat Marciu.<\/p>\n<p>El a anun\u0163at c\u0103 \u015fedin\u0163a de CJ \u00een care va fi aprobat at\u00e2t bugetul propriu, c\u00e2t \u015fi sumele pentru echilibrarea bugetelor prim\u0103riilor va avea loc pe 8 februarie.<\/p>\n","protected":false},"excerpt":{"rendered":"","protected":false},"author":1,"featured_media":43704,"comment_status":"open","ping_status":"open","sticky":false,"template":"","format":"standard","meta":{"slim_seo":{"title":"Social-democra\u0163ii giurgiuveni continu\u0103 s\u0103-i sprijine pe primari cu proiectele de dezvoltare - GIURGIU NET","description":"Alocarea a 1.000 de miliarde de lei vechi, \u00een doar doi ani, de la bugetul de stat c\u0103tre prim\u0103riile din Giurgiu, sute de kilometri de drumuri comunale \u015fi str\u0103zi"},"footnotes":""},"categories":[18,19],"tags":[778,2222,2256],"class_list":["post-43703","post","type-post","status-publish","format-standard","has-post-thumbnail","category-actual","category-adm","tag-cristian-marciu","tag-proiecte-primari","tag-psd-giurgiu"],"_links":{"self":[{"href":"https:\/\/giurgiu-net.ro\/index.php\/wp-json\/wp\/v2\/posts\/43703","targetHints":{"allow":["GET"]}}],"collection":[{"href":"https:\/\/giurgiu-net.ro\/index.php\/wp-json\/wp\/v2\/posts"}],"about":[{"href":"https:\/\/giurgiu-net.ro\/index.php\/wp-json\/wp\/v2\/types\/post"}],"author":[{"embeddable":true,"href":"https:\/\/giurgiu-net.ro\/index.php\/wp-json\/wp\/v2\/users\/1"}],"replies":[{"embeddable":true,"href":"https:\/\/giurgiu-net.ro\/index.php\/wp-json\/wp\/v2\/comments?post=43703"}],"version-history":[{"count":0,"href":"https:\/\/giurgiu-net.ro\/index.php\/wp-json\/wp\/v2\/posts\/43703\/revisions"}],"wp:attachment":[{"href":"https:\/\/giurgiu-net.ro\/index.php\/wp-json\/wp\/v2\/media?parent=43703"}],"wp:term":[{"taxonomy":"category","embeddable":true,"href":"https:\/\/giurgiu-net.ro\/index.php\/wp-json\/wp\/v2\/categories?post=43703"},{"taxonomy":"post_tag","embeddable":true,"href":"https:\/\/giurgiu-net.ro\/index.php\/wp-json\/wp\/v2\/tags?post=43703"}],"curies":[{"name":"wp","href":"https:\/\/api.w.org\/{rel}","templated":true}]}}