{"id":43632,"date":"2016-01-25T11:30:02","date_gmt":"2016-01-25T09:30:02","guid":{"rendered":"http:\/\/giurgiu-net.ro\/?p=43632"},"modified":"2016-01-25T11:30:02","modified_gmt":"2016-01-25T09:30:02","slug":"giurgiu-are-nevoie-de-oameni-noi-de-tineri-valorosi-cine-a-spus-asta-vezi-aici","status":"publish","type":"post","link":"https:\/\/giurgiu-net.ro\/index.php\/2016\/01\/25\/giurgiu-are-nevoie-de-oameni-noi-de-tineri-valorosi-cine-a-spus-asta-vezi-aici\/","title":{"rendered":"\u201eGiurgiu are nevoie de oameni noi, de tineri valoro\u015fi!\u201d Cine a spus asta, VEZI AICI!"},"content":{"rendered":"<p><!--more--><\/p>\n<p>\u00cen contextul discu\u0163iilor pe tema viitoarelor alegeri, locale, respectiv parlamentare, \u00eentr-o conferin\u0163\u0103 de pres\u0103, pre\u015fedintele PSD Giurgiu, senatorul Niculae B\u0103d\u0103l\u0103u, a readus \u00een prim-plan necesitatea \u201e\u00eemprosp\u0103t\u0103rii\u201d clasei politice. \u00cen acest sens, el a men\u0163ionat c\u0103 PSD face \u015fi va continua s\u0103 fac\u0103 acest lucru \u00een r\u00e2ndurile partidului men\u0163ionat.<img loading=\"lazy\" decoding=\"async\" class=\"aligncenter wp-image-43584 size-large\" src=\"https:\/\/giurgiu-net.ro\/wp-content\/uploads\/2016\/01\/DSC_01161-300x270.jpg\" alt=\"DSC_0116\" width=\"300\" height=\"270\" \/><\/p>\n<p><em>\u201eEu cred c\u0103 Giurgiu are mul\u0163i oameni valoro\u015fi, tineri care n-au avut p\u00e2n\u0103 acum acces la acest domeniu. Ei trebuie promova\u0163i pentru c\u0103 avem nevoie de ei. Cunoa\u015fte\u0163i deja politica mea, aceea de a deschide u\u015file organiza\u0163iei jude\u0163ene pentru to\u0163i cei care vor s\u0103 fac\u0103 ceva privind dezvoltarea municipiului \u015fi jude\u0163ului Giurgiu. \u015ei voi face \u00een continuare acela\u015fi lucru\u201d,<\/em> a spus B\u0103d\u0103l\u0103u, men\u0163ion\u00e2nd c\u0103, foarte cur\u00e2nd, PSD va primi \u00een r\u00e2ndurile sale un nou t\u00e2n\u0103r valoros. Nu i-a dat, \u00eens\u0103, numele, a\u015fa c\u0103 vi-l vom prezenta \u015fi noi la momentul potrivit.<\/p>\n<p><em>\u201eGiurgiu are nevoie de profesioni\u015fti, de tineri pricepu\u0163i. I-a\u015f ruga pe tinerii care stau pe re\u0163elele de socializare \u015fi doar \u00ee\u015fi dau cu p\u0103rerea, s\u0103 vin\u0103 \u015fi s\u0103 pun\u0103 um\u0103rul la treab\u0103, s\u0103 vin\u0103 cu idei concrete, cu solu\u0163ii, nu doar s\u0103 critice, pe Facebook\u201d<\/em>, a zis Niculae B\u0103d\u0103l\u0103u.<\/p>\n<p>Pe de alt\u0103 parte, \u00eentrebat dac\u0103 PSD \u015fi UNPR vor candida la alegerile 2016, la nivel jude\u0163ean, pe liste comune, liderul social-democrat a opinat c\u0103 nu exclude vreo alian\u0163\u0103 nici cu UNPR, nici cu ALDE. \u00cens\u0103, cel pu\u0163in la locale, se va merge pe liste separate.<\/p>\n<p>\u00cen plus, \u00eentrebat \u015fi dac\u0103 el va fi propunerea PSD pentru \u015fefia Consiliului Jude\u0163ean, Niculae B\u0103d\u0103l\u0103u a precizat c\u0103 va fi cu siguran\u0163\u0103 pe listele pentru consilieri jude\u0163eni.<em> \u201eCel care va candida \u00een Consiliul Jude\u0163ean pentru func\u0163ia de pre\u015fedinte trebuie s\u0103 fie desemnat \u00een cadrul Biroului Permanent, trebuie sus\u0163inerea primarilor \u015fi, a\u015fa cum spuneam, a cet\u0103\u0163enilor\u201d<\/em>, a subliniat B\u0103d\u0103l\u0103u.<\/p>\n","protected":false},"excerpt":{"rendered":"","protected":false},"author":1,"featured_media":43633,"comment_status":"open","ping_status":"open","sticky":false,"template":"","format":"standard","meta":{"slim_seo":{"title":"\u201eGiurgiu are nevoie de oameni noi, de tineri valoro\u015fi!\u201d Cine a spus asta, VEZI AICI! - GIURGIU NET","description":"\u00cen contextul discu\u0163iilor pe tema viitoarelor alegeri, locale, respectiv parlamentare, \u00eentr-o conferin\u0163\u0103 de pres\u0103, pre\u015fedintele PSD Giurgiu, senatorul Niculae B\u0103"},"footnotes":""},"categories":[18,19,25],"tags":[1243,1839,2256],"class_list":{"0":"post-43632","1":"post","2":"type-post","3":"status-publish","4":"format-standard","5":"has-post-thumbnail","7":"category-actual","8":"category-adm","9":"category-pol","10":"tag-giurgiu-politica","11":"tag-niculae-badalau","12":"tag-psd-giurgiu"},"_links":{"self":[{"href":"https:\/\/giurgiu-net.ro\/index.php\/wp-json\/wp\/v2\/posts\/43632","targetHints":{"allow":["GET"]}}],"collection":[{"href":"https:\/\/giurgiu-net.ro\/index.php\/wp-json\/wp\/v2\/posts"}],"about":[{"href":"https:\/\/giurgiu-net.ro\/index.php\/wp-json\/wp\/v2\/types\/post"}],"author":[{"embeddable":true,"href":"https:\/\/giurgiu-net.ro\/index.php\/wp-json\/wp\/v2\/users\/1"}],"replies":[{"embeddable":true,"href":"https:\/\/giurgiu-net.ro\/index.php\/wp-json\/wp\/v2\/comments?post=43632"}],"version-history":[{"count":0,"href":"https:\/\/giurgiu-net.ro\/index.php\/wp-json\/wp\/v2\/posts\/43632\/revisions"}],"wp:featuredmedia":[{"embeddable":true,"href":"https:\/\/giurgiu-net.ro\/index.php\/wp-json\/"}],"wp:attachment":[{"href":"https:\/\/giurgiu-net.ro\/index.php\/wp-json\/wp\/v2\/media?parent=43632"}],"wp:term":[{"taxonomy":"category","embeddable":true,"href":"https:\/\/giurgiu-net.ro\/index.php\/wp-json\/wp\/v2\/categories?post=43632"},{"taxonomy":"post_tag","embeddable":true,"href":"https:\/\/giurgiu-net.ro\/index.php\/wp-json\/wp\/v2\/tags?post=43632"}],"curies":[{"name":"wp","href":"https:\/\/api.w.org\/{rel}","templated":true}]}}