{"id":43537,"date":"2016-01-17T13:30:49","date_gmt":"2016-01-17T11:30:49","guid":{"rendered":"http:\/\/giurgiu-net.ro\/?p=43537"},"modified":"2016-01-17T13:30:49","modified_gmt":"2016-01-17T11:30:49","slug":"update-mai-multe-drumuri-judetene-si-nationale-inchise-si-la-giurgiu","status":"publish","type":"post","link":"https:\/\/giurgiu-net.ro\/index.php\/2016\/01\/17\/update-mai-multe-drumuri-judetene-si-nationale-inchise-si-la-giurgiu\/","title":{"rendered":"GIURGIU: Zeci de persoane, salvate din n\u0103me\u0163i. Mai multe drumuri jude\u0163ene \u015fi na\u0163ionale, \u00eenchise"},"content":{"rendered":"<p>Reprezentan\u0163ii Comitetului pentru Situa\u0163ii de Urgen\u0163\u0103 Giurgiu, prin vocea purt\u0103torului de cuv\u00e2nt al ISU Giurgiu, c\u0103pitan Cristian Virag, au transmis un nou comunicat de pres\u0103 cu bilan\u0163ul situa\u0163iilor de urgen\u0163\u0103 \u00eenregistrate de azi-diminea\u0163\u0103 \u015fi p\u00e2n\u0103 la orele pr\u00e2nzului.<!--more--><\/p>\n<p>Astfel, echipajele de interven\u0163ie au ac\u0163ionat pentru <strong>salvarea persoanelor r\u0103mase blocate cu autoturismele \u00een n\u0103me\u0163i:<\/strong><\/p>\n<p>\u00centre localit\u0103\u0163ile &#8211; Bude\u015fti\u00a0 \u2013 Br\u0103ni\u015ftari: 1 persoan\u0103,<\/p>\n<p>&#8211; Valea Dragului &#8211; Here\u015fti: 3 persoane,<\/p>\n<p>&#8211; Intersec\u0163ia Comana &#8211; Giurgiu: 1 persoan\u0103, \u00een curs de desf\u0103\u015furare,<\/p>\n<p>&#8211; B\u0103lanu spre Giurgiu: 1 persoan\u0103,<\/p>\n<p>&#8211; Pe centura mun. Giurgiu: 3 autovehicule cu 10 persoane,<\/p>\n<p>&#8211; Fr\u0103\u0163e\u015fti \u015fi Remu\u015f: 1 persoan\u0103,<\/p>\n<p>&#8211; Here\u015fti \u015fi Valea Dragului: 1 microbuz cu 6 persoane<\/p>\n<p>&#8211; Oinacu \u2013 Bibi\u0163a: 20 autoturisme, o furgonet\u0103 transport p\u00e2ine, un microbuz,<\/p>\n<p>&#8211; D\u0103r\u0103\u015fti \u2013 Vla\u015fca \u2013 Novaci: 2 autoturisme, 3 persoane blocate,<\/p>\n<p>&#8211; Vam\u0103 \u2013 Oinacu: 4 autoturisme \u015fi 10 persoane,<\/p>\n<p>&#8211;\u00a0 Bulbucata \u2013 St\u00e2lpu: 2 autoturisme \u015fi 3 persoane,<\/p>\n<p>&#8211; Valea Dragului \u2013 V\u0103r\u0103\u015fti 1 autoturism \u015fi 4 persoane,<\/p>\n<p>&#8211; 1 Ambulan\u0163\u0103 blocat\u0103 cu pacient localitatea Hulube\u015fti,<\/p>\n<p>&#8211; 1 Ambulan\u0163\u0103 \u00eenz\u0103pezit\u0103 la Gostinu \u00een drum spre pacient,<\/p>\n<p>&#8211; 1 Ambulan\u0163\u0103 \u00een localitatea Pietrele cu pacient,<\/p>\n<p>&#8211; \u00een municipiul Giurgiu\u00a0 pe strada Horea s-a intervenit pentru a facilita accesul echipelor medicale la un pacient cu ATPVM.<\/p>\n<p>&#8211; Here\u015fti \u015fi \u015eos. Olteni\u0163ei \u2013 3 persoane, din care o gravid\u0103 \u2013 \u00een curs de desf\u0103\u015furare.<\/p>\n<p>&#8211; 2 TIR \u00een Vam\u0103 \u00eenz\u0103pezite.<\/p>\n<p><strong>Drumuri \u00eenchise<\/strong>: DN 5B Giurgiu \u2013 Ghimpa\u0163i;\u00a0DJ 507 Giurgiu &#8211; Oinacu;\u00a0DJ 411 C\u0103lug\u0103reni \u2013 Br\u0103ni\u015ftari, \u00a0\u00a0 \u00a0 \u00a0 \u00a0 \u00a0 \u00a0 \u00a0 \u00a0 \u00a0 \u00a0 \u00a0 \u00a0 \u00a0 \u00a0 \u00a0 \u00a0 \u00a0 \u00a0DJ 504 A Vieru \u2013 Putineiu,\u00a0Dj 504 Vieru \u2013 Gogo\u015fari,\u00a0DJ 503 A Giurgiu &#8211; Once\u015fti,\u00a0\u00a0 \u00a0 \u00a0 \u00a0 \u00a0 \u00a0 \u00a0 \u00a0 \u00a0 \u00a0 \u00a0 \u00a0 \u00a0DJ 603 Stoene\u015fti \u2013 Uzunu,\u00a0DN 41 Giurgiu &#8211; Olteni\u0163a,\u00a0\u00a0DN 5A<\/p>\n<p>S-a lucrat \u00een condi\u0163ii grele de iarn\u0103, v\u00e2nt puternic, carosabil alunecos, depuneri masive de z\u0103pad\u0103.<\/p>\n<p>\u00centreaga activitate este coordonat\u0103 de c\u0103tre \u015fefii structurilor \u015fi institu\u0163iilor\u00a0 implicate \u00een ac\u0163iunile de salvare, desz\u0103pezire \u015fi coordonare \u00een cazul situa\u0163iilor de urgen\u0163\u0103.<\/p>\n<p>Se circula in condi\u0163ii de iarna pe celelalte drumuri din jude\u0163.<\/p>\n<p>ISU Giurgiu<\/p>\n","protected":false},"excerpt":{"rendered":"<p>Reprezentan\u0163ii Comitetului pentru Situa\u0163ii de Urgen\u0163\u0103 Giurgiu, prin vocea purt\u0103torului de cuv\u00e2nt al ISU Giurgiu, c\u0103pitan Cristian Virag, au transmis un nou comunicat de pres\u0103 cu bilan\u0163ul situa\u0163iilor de urgen\u0163\u0103 \u00eenregistrate de azi-diminea\u0163\u0103 \u015fi p\u00e2n\u0103 la orele pr\u00e2nzului.<\/p>\n","protected":false},"author":1,"featured_media":43538,"comment_status":"open","ping_status":"open","sticky":false,"template":"","format":"standard","meta":{"slim_seo":{"title":"GIURGIU: Zeci de persoane, salvate din n\u0103me\u0163i. Mai multe drumuri jude\u0163ene \u015fi na\u0163ionale, \u00eenchise - GIURGIU NET","description":"Reprezentan\u0163ii Comitetului pentru Situa\u0163ii de Urgen\u0163\u0103 Giurgiu, prin vocea purt\u0103torului de cuv\u00e2nt al ISU Giurgiu, c\u0103pitan Cristian Virag, au transmis un nou comu"},"footnotes":""},"categories":[18,26,28],"tags":[614,987,1450,1970],"class_list":["post-43537","post","type-post","status-publish","format-standard","has-post-thumbnail","category-actual","category-soc","category-uo","tag-cjsu","tag-drumuri-blocate","tag-isu","tag-persoane-salvate"],"_links":{"self":[{"href":"https:\/\/giurgiu-net.ro\/index.php\/wp-json\/wp\/v2\/posts\/43537","targetHints":{"allow":["GET"]}}],"collection":[{"href":"https:\/\/giurgiu-net.ro\/index.php\/wp-json\/wp\/v2\/posts"}],"about":[{"href":"https:\/\/giurgiu-net.ro\/index.php\/wp-json\/wp\/v2\/types\/post"}],"author":[{"embeddable":true,"href":"https:\/\/giurgiu-net.ro\/index.php\/wp-json\/wp\/v2\/users\/1"}],"replies":[{"embeddable":true,"href":"https:\/\/giurgiu-net.ro\/index.php\/wp-json\/wp\/v2\/comments?post=43537"}],"version-history":[{"count":0,"href":"https:\/\/giurgiu-net.ro\/index.php\/wp-json\/wp\/v2\/posts\/43537\/revisions"}],"wp:attachment":[{"href":"https:\/\/giurgiu-net.ro\/index.php\/wp-json\/wp\/v2\/media?parent=43537"}],"wp:term":[{"taxonomy":"category","embeddable":true,"href":"https:\/\/giurgiu-net.ro\/index.php\/wp-json\/wp\/v2\/categories?post=43537"},{"taxonomy":"post_tag","embeddable":true,"href":"https:\/\/giurgiu-net.ro\/index.php\/wp-json\/wp\/v2\/tags?post=43537"}],"curies":[{"name":"wp","href":"https:\/\/api.w.org\/{rel}","templated":true}]}}