{"id":43470,"date":"2016-01-15T17:09:13","date_gmt":"2016-01-15T15:09:13","guid":{"rendered":"http:\/\/giurgiu-net.ro\/?p=43470"},"modified":"2016-01-15T17:09:13","modified_gmt":"2016-01-15T15:09:13","slug":"cine-poarta-vina-depasirii-termenului-de-finalizare-a-patru-proiecte-europene-castigate-de-cj-giurgiu","status":"publish","type":"post","link":"https:\/\/giurgiu-net.ro\/index.php\/2016\/01\/15\/cine-poarta-vina-depasirii-termenului-de-finalizare-a-patru-proiecte-europene-castigate-de-cj-giurgiu\/","title":{"rendered":"Cine poart\u0103 vina dep\u0103\u015firii termenului de finalizare a patru proiecte europene c\u00e2\u015ftigate de CJ Giurgiu?"},"content":{"rendered":"<p><!--more--><\/p>\n<p>Este o \u00eentrebare \u00een sine, nu una la care s\u0103 am \u015fi s\u0103 v\u0103 ofer un r\u0103spuns clar acum. Am, totu\u015fi, informa\u0163ii, unele dob\u00e2ndite \u00een timp, pentru c\u0103 am scris de-a lungul vremii despre asemenea subiecte, \u015fi altele ob\u0163inute recent.<\/p>\n<p>Mai avem \u015fi \u00eentreb\u0103ri plus r\u0103spunsuri la acestea, proaspete toate, dintr-o conferin\u0163\u0103 de pres\u0103 de azi.<\/p>\n<p>\u00cen baza tuturor acestora, v\u0103 invit, pe dumneavoastr\u0103, cititori, s\u0103 trage\u0163i o concluzie! A\u015fa cum, \u00een viitor, f\u0103r\u0103 \u00eendoial\u0103, cei \u00een m\u0103sur\u0103 s\u0103 ofere <strong>r\u0103spunsul clar,<\/strong> o vor face.<\/p>\n<p><strong>\u00a0<\/strong><strong>10 milioane euro, pierdute sau nu?<\/strong><\/p>\n<p>De la finele anului trecut, presa apropiat\u0103 PNL, \u00een frunte cu Mihnea Boerescu, liberal consilier jude\u0163ean, al\u0103turi de liderii organiza\u0163iei jude\u0163ene au umplut site-urile de socializare, jurnalele de \u015ftiri \u015fi paginile site- urilor lor cu urm\u0103toarea informa\u0163ie: <strong><em>jude\u0163ul Giurgiu ar fi pierdut 10 milioane de euro.<\/em><\/strong> Aceasta, deoarece termenul de finalizare a patru proiecte europene a fost dep\u0103\u015fit. Prin urmare, prelungit, p\u00e2n\u0103 la 30 iunie 2016.<\/p>\n<p>Dac\u0103, spun liberalii, nu va fi respectat nici acest termen, 30 de milioane de euro, reprezent\u00e2nd valoarea total\u0103 a celor patru proiecte europene va fi returnat\u0103 Uniunii Europene.<\/p>\n<p>Chiar dac\u0103 <strong>speciali\u015fti din Consiliul Jude\u0163ean Giurgiu sus\u0163in(au \u015fi documente pe care le vom prezenta \u015fi noi la momentul potrivit) c\u0103 nici cele 10 milioane de euro nu s-ar fi pierdut<\/strong>, Dumitru Beianu a continuat cu aceast\u0103 idee, prezent\u00e2nd mai multe documente \u00een sus\u0163inerea sa. Printre acestea, un Ordin 144 ce ar stipula plata unor \u201epenalit\u0103\u0163i\u201d pentru nerespectarea termenelor de finalizare a lucr\u0103rilor, dar \u015fi o declara\u0163ie de angajament ce este semnat\u0103 la prelungirea termenului. \u00cen baza acesteia din urm\u0103, sumele vor fi returnate integral la UE.<\/p>\n<p>Dac\u0103 aceste aspecte necesit\u0103 o documentare mai ampl\u0103, pe care o promit, r\u0103m\u00e2nd, totu\u015fi, \u00eentreb\u0103ri fire\u015fti, enervante, am observat, pentru cei care le-au primit- doar unele- \u00een conferin\u0163a de ast\u0103zi, pe un alt capitol al aceleia\u015fi &#8222;pove\u015fti&#8221;.<\/p>\n<p><strong>\u00a0<\/strong><strong>Firmele care fac investi\u0163iile, derogate de orice vin\u0103?<\/strong><\/p>\n<p>Dou\u0103 dintre proiecte au fost c\u00e2\u015ftigate \u015fi implementate \u00een mandatul trecut, c\u00e2nd pre\u015fedinte de CJ era Dumitru Beianu. Cu licita\u0163iile \u015fi firmele c\u00e2\u015ftig\u0103toare aferente \u015fi care nu \u015ftiu s\u0103 se fi schimbat \u00een ultimii 4 ani. Pentru celelalte dou\u0103, documenta\u0163iile aferente au fost depuse tot atunci, \u00eens\u0103, licita\u0163iile s-au derulat \u00een mandatul actual.<\/p>\n<p>Pe de alt\u0103 parte, \u015ftiu c\u0103 probleme la proiectul cu M\u0103n\u0103stirea Comana, de exemplu, au ap\u0103rut \u00eenc\u0103 din 2012, la \u00eenceputul anului. Contesta\u0163ii la licita\u0163ii etc. La fel ca la depozitul ecologic. Tot proiect din mandatul trecut. Nefinalizat, dar inaugurat. \u015ei cu 411 e aceea\u015fi treab\u0103.<\/p>\n<p>I s-a \u00eent\u00e2mplat, iat\u0103 \u015fi actualului \u015fef de la jude\u0163: cu 603 \u015fi 504.<\/p>\n<p>Bine\u00een\u0163eles c\u0103 pentru primele, n-a fost vina lui Beianu \u015fi a echipelor sale de proiecte. Dar, atunci, de ce e vina lui Must\u0103\u0163ea \u015fi a acelora\u015fi echipe ale acelora\u015fi proiecte pentru toate patru?<\/p>\n<p><em>O s\u0103 spune\u0163i, cum doar at\u00e2t pute\u0163i spune, c\u0103 a\u015f avea \u201elogic\u0103 de partid\u201d \u015fi, ca pe mul\u0163i dintre colegii mei, m\u0103 lua\u0163i la rost c\u0103 \u201ede ce nu mai sar la g\u00e2tul lui Must\u0103\u0163ea?\u201d. Dar v\u0103 enerva\u0163i c\u00e2nd un coleg v\u0103 \u00eentreab\u0103 de ce n-a\u0163i s\u0103rit la g\u00e2tul lui Must\u0103\u0163ea \u015fi c\u00e2nd era\u0163i prieteni \u00een partid \u015fi colegi la CJG? Mai consecvent\u0103 dec\u00e2t vre\u0163i dumneavoastr\u0103 s\u0103 par c\u0103 nu-s, eu \u00eemi men\u0163in, totu\u015fi, opinia potrivit c\u0103reia Vasile Must\u0103\u0163ea este de-a dreptul nepotrivit ca pre\u015fedinte de Consiliu Jude\u0163ean.<\/em><\/p>\n<p><em>C\u0103 n-a reu\u015fit multe, mai nimic, de fapt, comparativ cu ceea ce s-a petrecut anterior, am tot scris. S\u0103 v\u0103 fie de bine! (Cu o men\u0163iune, abia la finele anului trecut, s-au deschis liniile de finan\u0163are pe programele UE). \u00cens\u0103, s\u0103 nu uit\u0103m c\u0103 Must\u0103\u0163ea nu e singur \u00een CJ-ul respectiv. Poate c\u0103 nici habar nu are cum s\u0103-\u015fi motiveze oamenii- nevinova\u0163i, f\u0103r\u0103 \u00eendoial\u0103, de dep\u0103\u015firea termenelor proiectelor europene&#8230; Cu c\u00e2teva excep\u0163ii, se zvone\u015fte.<\/em><\/p>\n<p>Dar, totu\u015fi, ca fost pre\u015fedinte de CJ, \u015ftiind exact a cui e vina, s\u0103 lansezi teoria c\u0103 \u201eMust\u0103\u0163ea nu a finalizat la termen proiectele\u201d, este jignitor la adresa celor care cunosc domeniul. C\u00e2t de c\u00e2t m\u0103car. \u015ei jignitor la adresa celor care vor afla c\u0103 nu pre\u015fedintele de CJ poate finaliza la termen un proiect. C\u0103 asta nu sun\u0103 bine deloc pentru niciunul. Fost, actual sau viitor.<\/p>\n<p>Este bine de \u015ftiut c\u0103, potrivit legilor \u00een vigoare, odat\u0103 cu c\u00e2\u015ftigarea licita\u0163iei de c\u0103tre o firm\u0103 ce va executa lucr\u0103ri, inclusiv cu fonduri europene, aceasta preia investi\u0163ia cu tot cu amplasament. \u015ei garanteaz\u0103, cu certitudine exist\u0103 o clauz\u0103 \u00een contractul aferent, c\u0103 va termina lucrarea respectiv\u0103 \u00een termen \u201ede\u201d. De c\u00e2t prevede proiectul. De c\u00e2t zice europeanu\u2019 c\u0103 e suficient ca s\u0103 fie gata. Deci, firma \u00ee\u015fi ia angajamentul, corect? Dar se \u00eent\u00e2mpl\u0103, de exemplu, ca firma s\u0103 intre \u00een insolven\u0163\u0103, s\u0103 dea faliment. Din p\u0103cate, tot mai des.<\/p>\n<p>Proiectele sunt, clar, \u00een pericol! \u015ei cine r\u0103spunde pentru \u00eent\u00e2rzieri? Da, este o mare problem\u0103, pentru c\u0103 s-ar putea ca \u015fi termenul de 30 iunie s\u0103 fie dep\u0103\u015fit. Aici e corect, dar a cui e vina?<\/p>\n<p>De ce a Consiliului Jude\u0163ean? De ce doar a pre\u015fedintelui, nu \u015fi a celor din echipele de proiect(acelea\u015fi, bun\u0103 observa\u0163ie a unei colege)? De ce a actualului \u015fi nu a fostului? De ce absolut deloc a acelora\u015fi firme c\u00e2\u015ftig\u0103toare \u00een mandatul trecut&#8230;? N-avea\u0163i de unde s\u0103 \u015fti\u0163i, desigur, c\u0103 ar putea ajunge vreuna \u00een faliment, dar de ce ar fi trebuit s\u0103 prevad\u0103 Must\u0103\u0163ea asta?<\/p>\n<p>\u015ei o \u00eentrebare, probabil la fel de enervant\u0103, cumva, unii speciali\u015fti, din anumite direc\u0163ii, sunt pu\u0163intel vinova\u0163i pentru intrarea cu \u00eent\u00e2ziere, la licita\u0163ie, a unei investi\u0163ii \u00een timp util?<\/p>\n<p>\u015ei de ce, de exemplu, lucr\u0103rile la Spital sau cele de la Biblioteca jude\u0163ean\u0103 au \u00eenceput cu \u00eent\u00e2rzieri de 1 an?<\/p>\n<p>S\u0103 ne r\u0103spund\u0103 Must\u0103\u0163ea, ve\u0163i zice. Abia a\u015ftept\u0103m s\u0103-l \u00eentreb\u0103m, imediat ce se \u00eentoarce din concediu.<\/p>\n<p>Dar care-i solu\u0163ia? C\u0103 tot n-am aflat-o. \u00cen aceste situa\u0163ii, cu firme cu probleme, ce zice europeanu\u2019 s\u0103 facem? Ce avem voie s\u0103 facem ca s\u0103 nu-i d\u0103m banii \u00eenapoi? Cum facem s\u0103 nu d\u0103m 30 de milioane de euro \u00eenapoi? A, \u015ftiu, o s\u0103 ne spune\u0163i dac\u0103 v\u0103 vot\u0103m! Super!<\/p>\n<p>C\u0103t\u0103lina Sfetcu<\/p>\n<p>P.S. Cele patru proiecte sunt: unul de restaurare a M\u0103n\u0103stirii Comana, celelalte trei fiind de reabilitare \u015fi modernizare a DJ 603, 411 \u015fi 504.<\/p>\n","protected":false},"excerpt":{"rendered":"","protected":false},"author":1,"featured_media":38660,"comment_status":"open","ping_status":"open","sticky":false,"template":"","format":"standard","meta":{"slim_seo":{"title":"Cine poart\u0103 vina dep\u0103\u015firii termenului de finalizare a patru proiecte europene c\u00e2\u015ftigate de CJ Giurgiu? - GIURGIU NET","description":"Este o \u00eentrebare \u00een sine, nu una la care s\u0103 am \u015fi s\u0103 v\u0103 ofer un r\u0103spuns clar acum. Am, totu\u015fi, informa\u0163ii, unele dob\u00e2ndite \u00een timp, pentru c\u0103 am scris de-a lung"},"footnotes":""},"categories":[18,19,20,25],"tags":[606,1004,2207,2732],"class_list":["post-43470","post","type-post","status-publish","format-standard","has-post-thumbnail","category-actual","category-adm","category-edit","category-pol","tag-cj-giurgiu","tag-dumitru-beianu","tag-proiecte-europene","tag-vasile-mustatea"],"_links":{"self":[{"href":"https:\/\/giurgiu-net.ro\/index.php\/wp-json\/wp\/v2\/posts\/43470","targetHints":{"allow":["GET"]}}],"collection":[{"href":"https:\/\/giurgiu-net.ro\/index.php\/wp-json\/wp\/v2\/posts"}],"about":[{"href":"https:\/\/giurgiu-net.ro\/index.php\/wp-json\/wp\/v2\/types\/post"}],"author":[{"embeddable":true,"href":"https:\/\/giurgiu-net.ro\/index.php\/wp-json\/wp\/v2\/users\/1"}],"replies":[{"embeddable":true,"href":"https:\/\/giurgiu-net.ro\/index.php\/wp-json\/wp\/v2\/comments?post=43470"}],"version-history":[{"count":0,"href":"https:\/\/giurgiu-net.ro\/index.php\/wp-json\/wp\/v2\/posts\/43470\/revisions"}],"wp:attachment":[{"href":"https:\/\/giurgiu-net.ro\/index.php\/wp-json\/wp\/v2\/media?parent=43470"}],"wp:term":[{"taxonomy":"category","embeddable":true,"href":"https:\/\/giurgiu-net.ro\/index.php\/wp-json\/wp\/v2\/categories?post=43470"},{"taxonomy":"post_tag","embeddable":true,"href":"https:\/\/giurgiu-net.ro\/index.php\/wp-json\/wp\/v2\/tags?post=43470"}],"curies":[{"name":"wp","href":"https:\/\/api.w.org\/{rel}","templated":true}]}}