{"id":43045,"date":"2015-12-22T12:15:04","date_gmt":"2015-12-22T10:15:04","guid":{"rendered":"http:\/\/giurgiu-net.ro\/?p=43045"},"modified":"2015-12-22T12:15:04","modified_gmt":"2015-12-22T10:15:04","slug":"galerie-foto-26-de-ani-de-la-revolutie-marcati-si-la-giurgiu","status":"publish","type":"post","link":"https:\/\/giurgiu-net.ro\/index.php\/2015\/12\/22\/galerie-foto-26-de-ani-de-la-revolutie-marcati-si-la-giurgiu\/","title":{"rendered":"GALERIE FOTO: 26 de ani de la Revolu\u0163ie, marca\u0163i \u015fi la Giurgiu"},"content":{"rendered":"<p><!--more--><\/p>\n<p>Zeci de giurgiuveni, oameni simpli, politicieni, reprezentan\u0163i ai autorit\u0103\u0163ilor locale \u015fi cei ai structurilor Ministerului de Interne \u015fi ai celui al Ap\u0103r\u0103rii s-au reunit, mar\u0163i, 22 decembrie, \u00een fa\u0163a Teatrului \u201eTudor Vianu\u201d. La Monumentul Eroilor din apropiere au fost depuse coroane de flori, \u00een memoria rom\u00e2nilor care \u015fi-au pierdut via\u0163a \u00een Decembrie 1989.<\/p>\n\n<p>Ulterior, coroane de flori au fost depuse- din partea autorit\u0103\u0163ilor locale, jude\u0163ene, a partidelor politice \u015fi a reprezentan\u0163ilor MAI \u015fi MApN, c\u00e2t \u015fi ai Asocia\u0163iilor de Veterani sau de Revolu\u0163ionari- \u015fi la Monumentul Eroilor de la Biserica Eroilor.<\/p>\n<p>Pe de alt\u0103 parte, mai multe personalit\u0103\u0163i politice giurgiuvene care nu au putut ajunge la eveniment, au postat pe Facebook g\u00e2ndurile lor cu privire la aceast\u0103 zi. Acest lucru l-a f\u0103cut \u015fi liderul PSD Giurgiu, senatorul Niculae B\u0103d\u0103l\u0103u.<img loading=\"lazy\" decoding=\"async\" class=\"aligncenter wp-image-38618 size-large\" src=\"https:\/\/giurgiu-net.ro\/wp-content\/uploads\/2015\/03\/bada-bun-300x200.jpg\" alt=\"bada bun\" width=\"300\" height=\"200\" \/><\/p>\n<p><em>&#8222;Ieri s-au \u00eemplinit 26 ani de la Revolu\u0163ia rom\u00e2n\u0103 din 1989 \u015fi, totodat\u0103, au fost comemorate victimele care au pl\u0103tit cu s\u00e2nge pentru ca noi to\u021bi s\u0103 fim liberi.\u00a0<\/em><br \/>\n<em> A trecut ziua de 21 Decembrie \u015fi m\u0103rturisesc c\u0103 sunt m\u00e2hnit de faptul c\u0103 aici, pe Facebook, nu am v\u0103zut multe post\u0103ri sau comentarii referitoare la 21-XII-1989, ziua care a schimbat totu\u0219i un regim comunist \u0219i ostil, un regim odios cum ar spune Petre \u021au\u021bea. Pre\u0163ul democra\u0163iei a fost de 1.104 mor\u0163i \u015fi 3.321 r\u0103ni\u0163i.\u00a0<\/em><br \/>\n<em> La Giurgiu, \u00een timpul manifesta\u0163iilor de protest, 6 oameni au fost uci\u015fi iar 15 r\u0103ni\u0163i. \u00cen semn de recuno\u015ftin\u0163\u0103, v-a\u015f \u00eendemna pe fiecare dintre voi s\u0103 v\u0103 aduce\u0163i aminte cu pio\u015fenie de martirii Revolu\u0163iei rom\u00e2ne.\u00a0<\/em><br \/>\n<em> Dumnezeu s\u0103-i aib\u0103 \u00een grij\u0103 pe eroi!&#8221;<\/em>, a scris Niculae B\u0103d\u0103l\u0103u pe pagina sa de Facebook.<\/p>\n<p>&nbsp;<\/p>\n","protected":false},"excerpt":{"rendered":"","protected":false},"author":1,"featured_media":43049,"comment_status":"open","ping_status":"open","sticky":false,"template":"","format":"standard","meta":{"slim_seo":{"title":"GALERIE FOTO: 26 de ani de la Revolu\u0163ie, marca\u0163i \u015fi la Giurgiu - GIURGIU NET","description":"Zeci de giurgiuveni, oameni simpli, politicieni, reprezentan\u0163i ai autorit\u0103\u0163ilor locale \u015fi cei ai structurilor Ministerului de Interne \u015fi ai celui al Ap\u0103r\u0103rii s-"},"footnotes":""},"categories":[18,25,26],"tags":[47,2324],"class_list":{"0":"post-43045","1":"post","2":"type-post","3":"status-publish","4":"format-standard","5":"has-post-thumbnail","7":"category-actual","8":"category-pol","9":"category-soc","10":"tag-22-decembrie","11":"tag-revolutia-romana"},"_links":{"self":[{"href":"https:\/\/giurgiu-net.ro\/index.php\/wp-json\/wp\/v2\/posts\/43045","targetHints":{"allow":["GET"]}}],"collection":[{"href":"https:\/\/giurgiu-net.ro\/index.php\/wp-json\/wp\/v2\/posts"}],"about":[{"href":"https:\/\/giurgiu-net.ro\/index.php\/wp-json\/wp\/v2\/types\/post"}],"author":[{"embeddable":true,"href":"https:\/\/giurgiu-net.ro\/index.php\/wp-json\/wp\/v2\/users\/1"}],"replies":[{"embeddable":true,"href":"https:\/\/giurgiu-net.ro\/index.php\/wp-json\/wp\/v2\/comments?post=43045"}],"version-history":[{"count":0,"href":"https:\/\/giurgiu-net.ro\/index.php\/wp-json\/wp\/v2\/posts\/43045\/revisions"}],"wp:featuredmedia":[{"embeddable":true,"href":"https:\/\/giurgiu-net.ro\/index.php\/wp-json\/"}],"wp:attachment":[{"href":"https:\/\/giurgiu-net.ro\/index.php\/wp-json\/wp\/v2\/media?parent=43045"}],"wp:term":[{"taxonomy":"category","embeddable":true,"href":"https:\/\/giurgiu-net.ro\/index.php\/wp-json\/wp\/v2\/categories?post=43045"},{"taxonomy":"post_tag","embeddable":true,"href":"https:\/\/giurgiu-net.ro\/index.php\/wp-json\/wp\/v2\/tags?post=43045"}],"curies":[{"name":"wp","href":"https:\/\/api.w.org\/{rel}","templated":true}]}}