{"id":42982,"date":"2015-12-17T16:03:59","date_gmt":"2015-12-17T14:03:59","guid":{"rendered":"http:\/\/giurgiu-net.ro\/?p=42982"},"modified":"2015-12-17T16:03:59","modified_gmt":"2015-12-17T14:03:59","slug":"ajutoarele-lui-mos-craciun-sunt-pe-drum","status":"publish","type":"post","link":"https:\/\/giurgiu-net.ro\/index.php\/2015\/12\/17\/ajutoarele-lui-mos-craciun-sunt-pe-drum\/","title":{"rendered":"Ajutoarele lui Mo\u015f Cr\u0103ciun sunt pe drum"},"content":{"rendered":"<p><!--more--><\/p>\n<p>Campania \u201eFii ajutorul lui Mo\u015f Cr\u0103ciun!\u201d demarat\u0103 de tinerii social-democra\u0163i din Giurgiu s-a \u00eencheiat pe jum\u0103tate. Adic\u0103, au fost colectate dona\u0163iile ce au constat \u00een haine, juc\u0103rii, dar \u015fi alimente iar acum urmeaz\u0103 ca pachetele s\u0103 ajung\u0103 la cei pentru care tinerii au desf\u0103\u015furat activitatea men\u0163ionat\u0103.<\/p>\n<p>Ajuns\u0103 la cea de-a III-a edi\u0163ie, campania de anul acesta a fost, din nou, \u00eencununat\u0103 de succes, deoarece au fost preg\u0103tite sute de pachete cu bun\u0103t\u0103\u0163i \u015fi \u00eembr\u0103c\u0103minte. Acestea vor fi duse chiar de cei de la TSD la familii din mai multe comune ale jude\u0163ului. La momentul respectiv vom reveni \u015fi noi cu am\u0103nunte, dar \u015fi cu poze.<\/p>\n<p><em>\u201eDoresc s\u0103 le mul\u0163umesc celor care au ajutat la \u00eendeplinirea acestei campanii!\u00a0Le multumesc, de asemenea, tuturor celor care au crezut \u00een aceast\u0103 ac\u0163iune \u00eenc\u0103 din anul 2013!\u00a0Doresc s\u0103 transmit toate g\u00e2ndurile bune c\u0103tre to\u0163i cei care au donat \u00een cadrul campaniei <span style=\"text-decoration: underline;\">Fii ajutorul lui Mo\u015f Cr\u0103ciun<\/span>, edi\u0163ia a III-a. S\u0103 ne vedem s\u0103n\u0103to\u015fi \u015fi la anul, la edi\u0163ia a IV-a !\u201d<\/em>, transmite pre\u015fedintele TSD Giurgiu, Drago\u015f Udvuleanu.<\/p>\n","protected":false},"excerpt":{"rendered":"","protected":false},"author":1,"featured_media":42983,"comment_status":"open","ping_status":"open","sticky":false,"template":"","format":"standard","meta":{"slim_seo":{"title":"Ajutoarele lui Mo\u015f Cr\u0103ciun sunt pe drum - GIURGIU NET","description":"Campania \u201eFii ajutorul lui Mo\u015f Cr\u0103ciun!\u201d demarat\u0103 de tinerii social-democra\u0163i din Giurgiu s-a \u00eencheiat pe jum\u0103tate. Adic\u0103, au fost colectate dona\u0163iile ce au con"},"footnotes":""},"categories":[18,26],"tags":[965,1111,2666],"class_list":["post-42982","post","type-post","status-publish","format-standard","has-post-thumbnail","category-actual","category-soc","tag-dragos-udvuleanu","tag-fii-ajutorul-lui-mos-craciun","tag-tsd-giurgiu"],"_links":{"self":[{"href":"https:\/\/giurgiu-net.ro\/index.php\/wp-json\/wp\/v2\/posts\/42982","targetHints":{"allow":["GET"]}}],"collection":[{"href":"https:\/\/giurgiu-net.ro\/index.php\/wp-json\/wp\/v2\/posts"}],"about":[{"href":"https:\/\/giurgiu-net.ro\/index.php\/wp-json\/wp\/v2\/types\/post"}],"author":[{"embeddable":true,"href":"https:\/\/giurgiu-net.ro\/index.php\/wp-json\/wp\/v2\/users\/1"}],"replies":[{"embeddable":true,"href":"https:\/\/giurgiu-net.ro\/index.php\/wp-json\/wp\/v2\/comments?post=42982"}],"version-history":[{"count":0,"href":"https:\/\/giurgiu-net.ro\/index.php\/wp-json\/wp\/v2\/posts\/42982\/revisions"}],"wp:attachment":[{"href":"https:\/\/giurgiu-net.ro\/index.php\/wp-json\/wp\/v2\/media?parent=42982"}],"wp:term":[{"taxonomy":"category","embeddable":true,"href":"https:\/\/giurgiu-net.ro\/index.php\/wp-json\/wp\/v2\/categories?post=42982"},{"taxonomy":"post_tag","embeddable":true,"href":"https:\/\/giurgiu-net.ro\/index.php\/wp-json\/wp\/v2\/tags?post=42982"}],"curies":[{"name":"wp","href":"https:\/\/api.w.org\/{rel}","templated":true}]}}