{"id":42837,"date":"2015-12-09T11:58:35","date_gmt":"2015-12-09T09:58:35","guid":{"rendered":"http:\/\/giurgiu-net.ro\/?p=42837"},"modified":"2015-12-09T11:58:35","modified_gmt":"2015-12-09T09:58:35","slug":"mesaj-dur-al-unui-roman-sa-iesi-in-strada-si-sa-protestezi-ca-sa-ti-fie-mai-rau-asta-inseamna-sa-fii-idiot","status":"publish","type":"post","link":"https:\/\/giurgiu-net.ro\/index.php\/2015\/12\/09\/mesaj-dur-al-unui-roman-sa-iesi-in-strada-si-sa-protestezi-ca-sa-ti-fie-mai-rau-asta-inseamna-sa-fii-idiot\/","title":{"rendered":"Mesaj dur al unui rom\u00e2n: &#8222;S\u0103 ie\u015fi \u00een strad\u0103 \u015fi s\u0103 protestezi ca s\u0103-\u0163i fie mai r\u0103u, asta \u00eenseamn\u0103 s\u0103 fii idiot&#8221;"},"content":{"rendered":"<p>Un pensionar din Hunedoara a postat, recent, pe blogul s\u0103u, un mesaj dur la adresa celor care au dorit \u015fi, iat\u0103, au ob\u0163inut, plecarea de la Guvernare a unui Executiv care reu\u015fise repararea tuturor nedrept\u0103\u0163ilor sociale f\u0103cute de dreapta, prin PDL.<!--more-->Este vorba despre Valter Cojman, postarea sa devenind viral\u0103 pe re\u0163elele de socializare.<\/p>\n<p>Iat\u0103 c\u00e2teva fragmente din ceea ce crede un simplu rom\u00e2n despre ceea ce se petrece acum \u00een \u0163ara noastr\u0103.<\/p>\n<p>\u201eNic\u0103ieri \u00een lume nu s-a mai v\u0103zut ca un popor s\u0103 ias\u0103 \u00een strad\u0103 pentru a da jos un guvern care m\u0103rea salarii, pensii, aloca\u0163ii, indemniza\u0163ii, etc., care sc\u0103dea TVA-ul , pre\u0163urile, impozitele etc., care repara nedrept\u0103\u0163ile, pl\u0103tea datoriile externe, readucea demnitate Rom\u00e2niei \u015fi rom\u00e2nilor etc. \u015fi pentru a-l schimba cu un guvern care taie salarii, pensii, aloca\u0163ii, care nu va respecta legi prin care rom\u00e2nilor li se acordau cre\u015fteri salariale, tichete de mas\u0103, vouchere de vacan\u0163\u0103, etc. \u015fi asta pentru a da bani, \u00eentre 30-50% la pre\u015fedin\u0163ie, servicii secrete, speciale \u015fi alte institu\u0163ii de for\u0163\u0103, care m\u0103re\u015fte impozitele \u015fi num\u0103rul taxelor \u015fi impozitelor&#8230;<\/p>\n<p>(&#8230;)<\/p>\n<p>Dar faptul c\u0103 se m\u0103resc bugetele institu\u0163iilor de for\u0163\u0103 din Rom\u00e2nia, printre care \u015fi bugetele serviciilor secrete \u015fi speciale nu cumva reprezint\u0103, \u00ceN SPECIAL, o\u00a0<strong>GRAV\u0102 DEVIERE DE LA DEMOCRA\u0162IE \u015fi care PUNE BAZELE UNEI DICTATURI<\/strong>?<\/p>\n<p>Oare ce se preg\u0103te\u015fte rom\u00e2nilor prin faptul c\u0103 bugetul MApN a crescut cu peste 51%, a SRI-ului cu 19%, SIE cu 9%<strong><em>\u00a0<\/em>(<\/strong><strong><em>Cel mai mare buget alocat serviciilor secrete din \u021b\u0103rile NATO, ca pondere \u00een cheltuielile publice, mai mare dec\u00e2t suma pe care a cheltuit-o statul rom\u00e2n \u00een anul 2014 pentru cercetare, domeniu unde activeaz\u0103 43 000 salaria\u021bi<\/em><\/strong><strong>\u00a0<\/strong><strong>)&#8221;.<img loading=\"lazy\" decoding=\"async\" class=\"aligncenter size-full wp-image-42839\" src=\"https:\/\/giurgiu-net.ro\/wp-content\/uploads\/2015\/12\/si-cu-asta.jpg\" alt=\"si cu asta\" width=\"640\" height=\"558\" \/><\/strong><\/p>\n<p>Citi\u0163i <a href=\"https:\/\/valter-cojman.blogspot.ro\/\" target=\"_blank\" rel=\"noopener\">AICI<\/a>\u00a0\u00eentreaga sa postare.<\/p>\n","protected":false},"excerpt":{"rendered":"<p>Un pensionar din Hunedoara a postat, recent, pe blogul s\u0103u, un mesaj dur la adresa celor care au dorit \u015fi, iat\u0103, au ob\u0163inut, plecarea de la Guvernare a unui Executiv care reu\u015fise repararea tuturor nedrept\u0103\u0163ilor sociale f\u0103cute de dreapta, prin PDL.<\/p>\n","protected":false},"author":1,"featured_media":42842,"comment_status":"open","ping_status":"open","sticky":false,"template":"","format":"standard","meta":{"slim_seo":{"title":"Mesaj dur al unui rom\u00e2n: \"S\u0103 ie\u015fi \u00een strad\u0103 \u015fi s\u0103 protestezi ca s\u0103-\u0163i fie mai r\u0103u, asta \u00eenseamn\u0103 s\u0103 fii idiot\" - GIURGIU NET","description":"Un pensionar din Hunedoara a postat, recent, pe blogul s\u0103u, un mesaj dur la adresa celor care au dorit \u015fi, iat\u0103, au ob\u0163inut, plecarea de la Guvernare a unui Exe"},"footnotes":""},"categories":[18,26,28],"tags":[1276,1279,1687],"class_list":["post-42837","post","type-post","status-publish","format-standard","has-post-thumbnail","category-actual","category-soc","category-uo","tag-guvern-ciolos","tag-guvern-ponta","tag-mesaj"],"_links":{"self":[{"href":"https:\/\/giurgiu-net.ro\/index.php\/wp-json\/wp\/v2\/posts\/42837","targetHints":{"allow":["GET"]}}],"collection":[{"href":"https:\/\/giurgiu-net.ro\/index.php\/wp-json\/wp\/v2\/posts"}],"about":[{"href":"https:\/\/giurgiu-net.ro\/index.php\/wp-json\/wp\/v2\/types\/post"}],"author":[{"embeddable":true,"href":"https:\/\/giurgiu-net.ro\/index.php\/wp-json\/wp\/v2\/users\/1"}],"replies":[{"embeddable":true,"href":"https:\/\/giurgiu-net.ro\/index.php\/wp-json\/wp\/v2\/comments?post=42837"}],"version-history":[{"count":0,"href":"https:\/\/giurgiu-net.ro\/index.php\/wp-json\/wp\/v2\/posts\/42837\/revisions"}],"wp:attachment":[{"href":"https:\/\/giurgiu-net.ro\/index.php\/wp-json\/wp\/v2\/media?parent=42837"}],"wp:term":[{"taxonomy":"category","embeddable":true,"href":"https:\/\/giurgiu-net.ro\/index.php\/wp-json\/wp\/v2\/categories?post=42837"},{"taxonomy":"post_tag","embeddable":true,"href":"https:\/\/giurgiu-net.ro\/index.php\/wp-json\/wp\/v2\/tags?post=42837"}],"curies":[{"name":"wp","href":"https:\/\/api.w.org\/{rel}","templated":true}]}}