{"id":42671,"date":"2015-12-02T15:36:44","date_gmt":"2015-12-02T13:36:44","guid":{"rendered":"http:\/\/giurgiu-net.ro\/?p=42671"},"modified":"2015-12-02T15:36:44","modified_gmt":"2015-12-02T13:36:44","slug":"am-incercat-sa-fac-o-altfel-de-politica-sa-schimb-mentalitatea-unora-cine-a-spus-asta-vezi-aici","status":"publish","type":"post","link":"https:\/\/giurgiu-net.ro\/index.php\/2015\/12\/02\/am-incercat-sa-fac-o-altfel-de-politica-sa-schimb-mentalitatea-unora-cine-a-spus-asta-vezi-aici\/","title":{"rendered":"\u201cAm \u00eencercat s\u0103 fac o altfel de politic\u0103, s\u0103 schimb mentalitatea unora!\u201d. Cine a spus asta VEZI AICI!"},"content":{"rendered":"<p><!--more-->Afirma\u0163ia \u00eei apar\u0163ine pre\u015fedintelui PSD Giurgiu, senatorul Niculae B\u0103d\u0103l\u0103u, \u015fi a fost f\u0103cut\u0103 \u00een cadrul celei mai recente conferin\u0163e de pres\u0103.<img loading=\"lazy\" decoding=\"async\" class=\"aligncenter size-large wp-image-42508\" src=\"https:\/\/giurgiu-net.ro\/wp-content\/uploads\/2015\/11\/DSC_00592-300x226.jpg\" alt=\"DSC_0059\" width=\"300\" height=\"226\" \/><\/p>\n<p><em>\u201cAm \u00eencercat s\u0103 fac o altfel de politic\u0103, s\u0103 schimb mentalitatea unora. Din garda veche am mai r\u0103mas doar eu, Reli Dobre, Marciu. To\u0163i ceilal\u0163i sunt tineri. A fost \u015fi este clar c\u0103 trebuie s\u0103 venim cu un suflu t\u00e2n\u0103r \u00een politic\u0103 \u015fi la PSD acest lucru s-a v\u0103zut \u00een toate rezultatele de la ultimele alegeri. S\u0103 \u015fti\u0163i c\u0103 mie mi-e greu s\u0103 m\u0103 mai \u0163in dup\u0103 ritmul lor. Nu cred c\u0103 mai iau cai mor\u0163i, dar PSD are u\u015file deschise pentru oricine vrea, cu adev\u0103rat, binele jude\u0163ului, dezvoltarea comunit\u0103\u0163ilor\u201d<\/em>, a subliniat B\u0103d\u0103l\u0103u.<\/p>\n","protected":false},"excerpt":{"rendered":"","protected":false},"author":1,"featured_media":42672,"comment_status":"open","ping_status":"open","sticky":false,"template":"","format":"standard","meta":{"slim_seo":{"title":"\u201cAm \u00eencercat s\u0103 fac o altfel de politic\u0103, s\u0103 schimb mentalitatea unora!\u201d. Cine a spus asta VEZI AICI! - GIURGIU NET","description":"Afirma\u0163ia \u00eei apar\u0163ine pre\u015fedintelui PSD Giurgiu, senatorul Niculae B\u0103d\u0103l\u0103u, \u015fi a fost f\u0103cut\u0103 \u00een cadrul celei mai recente conferin\u0163e de pres\u0103. \u201cAm \u00eencercat s\u0103 fa"},"footnotes":""},"categories":[18,25],"tags":[2256],"class_list":["post-42671","post","type-post","status-publish","format-standard","has-post-thumbnail","category-actual","category-pol","tag-psd-giurgiu"],"_links":{"self":[{"href":"https:\/\/giurgiu-net.ro\/index.php\/wp-json\/wp\/v2\/posts\/42671","targetHints":{"allow":["GET"]}}],"collection":[{"href":"https:\/\/giurgiu-net.ro\/index.php\/wp-json\/wp\/v2\/posts"}],"about":[{"href":"https:\/\/giurgiu-net.ro\/index.php\/wp-json\/wp\/v2\/types\/post"}],"author":[{"embeddable":true,"href":"https:\/\/giurgiu-net.ro\/index.php\/wp-json\/wp\/v2\/users\/1"}],"replies":[{"embeddable":true,"href":"https:\/\/giurgiu-net.ro\/index.php\/wp-json\/wp\/v2\/comments?post=42671"}],"version-history":[{"count":0,"href":"https:\/\/giurgiu-net.ro\/index.php\/wp-json\/wp\/v2\/posts\/42671\/revisions"}],"wp:attachment":[{"href":"https:\/\/giurgiu-net.ro\/index.php\/wp-json\/wp\/v2\/media?parent=42671"}],"wp:term":[{"taxonomy":"category","embeddable":true,"href":"https:\/\/giurgiu-net.ro\/index.php\/wp-json\/wp\/v2\/categories?post=42671"},{"taxonomy":"post_tag","embeddable":true,"href":"https:\/\/giurgiu-net.ro\/index.php\/wp-json\/wp\/v2\/tags?post=42671"}],"curies":[{"name":"wp","href":"https:\/\/api.w.org\/{rel}","templated":true}]}}