{"id":42409,"date":"2015-11-25T12:54:11","date_gmt":"2015-11-25T10:54:11","guid":{"rendered":"http:\/\/giurgiu-net.ro\/?p=42409"},"modified":"2015-11-25T12:54:11","modified_gmt":"2015-11-25T10:54:11","slug":"masina-furata-din-franta-retinuta-la-vama-giurgiu","status":"publish","type":"post","link":"https:\/\/giurgiu-net.ro\/index.php\/2015\/11\/25\/masina-furata-din-franta-retinuta-la-vama-giurgiu\/","title":{"rendered":"Ma\u015fin\u0103 furat\u0103 din Fran\u0163a, re\u0163inut\u0103 la Vama Giurgiu"},"content":{"rendered":"<p>Poli\u0163i\u015ftii de frontier\u0103 giurgiuveni au depistat un autoturism marca Renault Scenic, care figura ca fiind furat din Fran\u0163a, cu care un cet\u0103\u0163ean rom\u00e2n inten\u0163iona s\u0103 se deplaseze \u00een Republica Bulgaria.<!--more--><\/p>\n<p>S-a \u00eent\u00e2mplat ziua trecut\u0103, c\u00e2nd, la Punctul de Trecere a Frontierei Giurgiu s-a prezentat pentru a efectua formalit\u0103\u0163ile de frontier\u0103 cet\u0103\u0163eanul rom\u00e2n Ion S., \u00een v\u00e2rst\u0103 de 25 de ani, la volanul unui autoturism marca Renault Scenic, \u00eenmatriculat \u00een Fran\u0163a.<\/p>\n<p><em>\u201eLa controlul documentelor, poli\u0163i\u015ftii de frontier\u0103 au constatat c\u0103 proprietarul autoturismului era o alt\u0103 persoan\u0103, fapt pentru care, av\u00e2nd suspiciuni cu privire la dreptul de folosin\u0163\u0103 a ma\u015finii au fost efectuate verific\u0103ri suplimentare. Astfel, s-a stabilit c\u0103 autoturismul marca Renault Scenic este semnalat \u00een bazele de date ca fiind furat din Fran\u0163a, alert\u0103 introdus\u0103 din noiembrie 2014\u201d<\/em>, spun poli\u0163i\u015ftii de frontier\u0103.<\/p>\n<p>Tot ei anun\u0163\u0103 c\u0103 \u015foferul a declarat c\u0103 a fost rugat de un prieten s\u0103 transporte autovehiculul \u00een Bulgaria pentru a-l \u00eenscrie \u015fi c\u0103 nu avea cuno\u015ftin\u0163\u0103 despre faptul c\u0103 acesta figureaz\u0103 ca fiind furat.<\/p>\n<p>Poli\u0163i\u015ftii de frontier\u0103 giurgiuveni au deschis dosar penal\u00a0iar autoturismul \u00een valoare de 9.000 lei a fost indisponibilizat la sediul S.T.P.F. Giurgiu p\u00e2n\u0103 la solu\u0163ionarea cauzei.<\/p>\n","protected":false},"excerpt":{"rendered":"<p>Poli\u0163i\u015ftii de frontier\u0103 giurgiuveni au depistat un autoturism marca Renault Scenic, care figura ca fiind furat din Fran\u0163a, cu care un cet\u0103\u0163ean rom\u00e2n inten\u0163iona s\u0103 se deplaseze \u00een Republica Bulgaria.<\/p>\n","protected":false},"author":1,"featured_media":42410,"comment_status":"open","ping_status":"open","sticky":false,"template":"","format":"standard","meta":{"slim_seo":{"title":"Ma\u015fin\u0103 furat\u0103 din Fran\u0163a, re\u0163inut\u0103 la Vama Giurgiu - GIURGIU NET","description":"Poli\u0163i\u015ftii de frontier\u0103 giurgiuveni au depistat un autoturism marca Renault Scenic, care figura ca fiind furat din Fran\u0163a, cu care un cet\u0103\u0163ean rom\u00e2n inten\u0163iona"},"footnotes":""},"categories":[18,26],"tags":[1655,2718],"class_list":["post-42409","post","type-post","status-publish","format-standard","has-post-thumbnail","category-actual","category-soc","tag-masina-furata","tag-vama-giurgiu"],"_links":{"self":[{"href":"https:\/\/giurgiu-net.ro\/index.php\/wp-json\/wp\/v2\/posts\/42409","targetHints":{"allow":["GET"]}}],"collection":[{"href":"https:\/\/giurgiu-net.ro\/index.php\/wp-json\/wp\/v2\/posts"}],"about":[{"href":"https:\/\/giurgiu-net.ro\/index.php\/wp-json\/wp\/v2\/types\/post"}],"author":[{"embeddable":true,"href":"https:\/\/giurgiu-net.ro\/index.php\/wp-json\/wp\/v2\/users\/1"}],"replies":[{"embeddable":true,"href":"https:\/\/giurgiu-net.ro\/index.php\/wp-json\/wp\/v2\/comments?post=42409"}],"version-history":[{"count":0,"href":"https:\/\/giurgiu-net.ro\/index.php\/wp-json\/wp\/v2\/posts\/42409\/revisions"}],"wp:attachment":[{"href":"https:\/\/giurgiu-net.ro\/index.php\/wp-json\/wp\/v2\/media?parent=42409"}],"wp:term":[{"taxonomy":"category","embeddable":true,"href":"https:\/\/giurgiu-net.ro\/index.php\/wp-json\/wp\/v2\/categories?post=42409"},{"taxonomy":"post_tag","embeddable":true,"href":"https:\/\/giurgiu-net.ro\/index.php\/wp-json\/wp\/v2\/tags?post=42409"}],"curies":[{"name":"wp","href":"https:\/\/api.w.org\/{rel}","templated":true}]}}