{"id":42184,"date":"2015-11-16T12:31:35","date_gmt":"2015-11-16T10:31:35","guid":{"rendered":"http:\/\/giurgiu-net.ro\/?p=42184"},"modified":"2015-11-16T12:31:35","modified_gmt":"2015-11-16T10:31:35","slug":"liviu-dragnea-guvernarile-ponta-au-reusit-sa-indrepte-nedreptatile-sociale-si-sa-duca-economia-in-directia-potrivita","status":"publish","type":"post","link":"https:\/\/giurgiu-net.ro\/index.php\/2015\/11\/16\/liviu-dragnea-guvernarile-ponta-au-reusit-sa-indrepte-nedreptatile-sociale-si-sa-duca-economia-in-directia-potrivita\/","title":{"rendered":"Liviu Dragnea: Guvern\u0103rile Ponta au reu\u0219it s\u0103 \u00eendrepte nedrept\u0103\u021bile sociale \u0219i s\u0103 duc\u0103 economia \u00een direc\u021bia potrivit\u0103"},"content":{"rendered":"<p>Afirma\u0163ia a fost f\u0103cut\u0103, luni, 16 noiembrie, \u00een conferin\u0163\u0103 de pres\u0103.<!--more--><\/p>\n<p>Liviu Dragnea a declarat, astfel c\u0103 Guvern\u0103rile Ponta au reu\u0219it s\u0103 \u00eendrepte aproape toate nedrept\u0103\u021bile sociale f\u0103cute de PDL \u0219i Traian B\u0103sescu \u0219i s\u0103 pun\u0103 economia \u00een direc\u021bia potrivit\u0103, a declarat luni pre\u0219edintele PSD, scrie Agerpres.<\/p>\n<p>\u201e\u00cen mai 2012, Uniunea Social Liberal\u0103 care exista atunci a preluat guvernarea cu un program politic \u0219i economic foarte ambi\u021bios. Alegerile din decembrie 2012 au marcat e\u0219ecul politicilor de austeritate ale PDL \u0219i ale lui Traian B\u0103sescu, \u00eentr-o manier\u0103 c\u00e2t se poate de categoric\u0103, dat\u0103 chiar de rezultatul alegerilor. \u00cen aproape patru ani de guvernare s-a reu\u0219it s\u0103 se \u00eendrepte aproape toate nedrept\u0103\u021bile sociale f\u0103cute de PDL \u0219i Traian B\u0103sescu \u0219i economia s\u0103 fie pus\u0103 \u00een direc\u021bia potrivit\u0103&#8221;, a afirmat liderul social-democra\u021bilor.<\/p>\n<p>Ca exemplu, Dragnea a spus c\u0103, \u00een prezent, <strong>&#8222;\u00een conturile \u00een valut\u0103 ale \u021b\u0103rii sunt 6,2 miliarde de euro, cu dou\u0103 miliarde de euro mai mult dec\u00e2t \u00een 2012&#8221;.<\/strong><\/p>\n<p><em>&#8222;\u0218i, de asemenea, se las\u0103 foarte mul\u021bi bani \u00een conturile Trezoreriei, bugetul fiind pe excedent dup\u0103 10 luni de zile&#8221;, a precizat pre\u0219edintele PSD.<\/em><\/p>\n<p><em>Liviu Dragnea a men\u021bionat c\u0103 \u00een 2012 s-a pornit de la &#8222;0,6% cre\u0219tere economic\u0103, 5,4% \u2014 \u0219omaj, minus 3% deficit bugetar, salarii t\u0103iate cu 25%, pensii reduse&#8221;. &#8222;PIB-ul Rom\u00e2niei era de 133 miliarde de euro, iar ast\u0103zi este de 158 miliarde de euro. Aceea era Rom\u00e2nia dup\u0103 10 ani de mandat al lui Traian B\u0103sescu. \u00cen decembrie 2012, dup\u0103 c\u00e2\u0219tigarea alegerilor, noi, \u00eempreun\u0103 cu partenerii no\u0219tri, ne-am asumat obiective care au fost duse la \u00eendeplinire chiar \u0219i dup\u0103 desfiin\u021barea USL&#8221;<\/em>, a sus\u021binut pre\u0219edintele PSD.<\/p>\n<p>El a subliniat c\u0103, la acest moment, <strong>&#8222;Rom\u00e2nia are una dintre cele mai mari rate de cre\u0219tere din Europa, 3,7% \u00een primele nou\u0103 luni din 2015, fa\u021b\u0103 de primele luni din 2014&#8221;.<\/strong><\/p>\n<p>&#8222;\u00cen ultima prognoz\u0103 din noiembrie 2015, Comisia European\u0103 estimeaz\u0103 o cre\u0219tere economic\u0103 a Rom\u00e2niei de 4,1% \u00een 2016, care se pare c\u0103 va fi una dintre cele mai mari din Europa, dac\u0103 nu cea mai mare&#8221;, a afirmat pre\u0219edintele PSD.<\/p>\n<p>Potrivit lui Dragnea, <strong>\u00een timpul guvern\u0103rilor Ponta s-a reu\u0219it crearea a 320 de mii de noi locuri de munc\u0103. <\/strong><em>&#8222;Practic, de la 4,27 milioane de angaja\u021bi la 4,57 milioane. Prin urmare, \u0219omajul a sc\u0103zut la 5,2%. Sc\u0103derea \u0219omajului \u00een paralel cu cre\u0219terea salariilor arat\u0103 c\u0103 avem o cre\u0219tere economic\u0103 s\u0103n\u0103toas\u0103, care este \u0219i sim\u021bit\u0103 de oameni \u0219i de c\u0103tre companii&#8221;<\/em>, a spus el.<\/p>\n<p>De asemenea, liderul social-democra\u021bilor a men\u021bionat c\u0103 <strong>&#8222;deficitul bugetar a sc\u0103zut de la 5,4% din PIB \u00een 2011, la 1,5% din PIB \u00een 2015&#8221;.<\/strong><\/p>\n<p><em>&#8222;Prin urmare, Rom\u00e2nia s-a \u00eemprumutat mai pu\u021bin \u00een exterior \u0219i pe pia\u021ba intern\u0103 pentru c\u0103 economia a mers bine \u0219i au fost bani. (&#8230;) \u00cen felul acesta Guvernul a reu\u0219it s\u0103 aib\u0103 bani pentru a face dou\u0103 lucruri fundamentale, s\u0103 creasc\u0103 puterea de cump\u0103rare a majorit\u0103\u021bii rom\u00e2nilor prin cre\u0219terea veniturilor \u0219i reducerea taxelor \u0219i s\u0103 \u00eencurajeze mediul de afaceri prin m\u0103suri corecte, incluse \u00een Codul fiscal&#8221;<\/em>, a spus Dragnea.<\/p>\n<p>La prezentarea bilan\u021bului guvern\u0103rilor Ponta au mai participat secretarul general al PSD, Marian Neac\u0219u, \u0219i ministrul de Finan\u021be, Eugen Teodorovici.<\/p>\n<p>Articol Agerpres<\/p>\n","protected":false},"excerpt":{"rendered":"<p>Afirma\u0163ia a fost f\u0103cut\u0103, luni, 16 noiembrie, \u00een conferin\u0163\u0103 de pres\u0103.<\/p>\n","protected":false},"author":1,"featured_media":42185,"comment_status":"open","ping_status":"open","sticky":false,"template":"","format":"standard","meta":{"slim_seo":{"title":"Liviu Dragnea: Guvern\u0103rile Ponta au reu\u0219it s\u0103 \u00eendrepte nedrept\u0103\u021bile sociale \u0219i s\u0103 duc\u0103 economia \u00een direc\u021bia potrivit\u0103 - GIURGIU NET","description":"Afirma\u0163ia a fost f\u0103cut\u0103, luni, 16 noiembrie, \u00een conferin\u0163\u0103 de pres\u0103. Liviu Dragnea a declarat, astfel c\u0103 Guvern\u0103rile Ponta au reu\u0219it s\u0103 \u00eendrepte aproape toate n"},"footnotes":""},"categories":[18,22,25,26],"tags":[1279,1543,2747],"class_list":["post-42184","post","type-post","status-publish","format-standard","has-post-thumbnail","category-actual","category-nt","category-pol","category-soc","tag-guvern-ponta","tag-liciu-dragnea","tag-victor-ponta"],"_links":{"self":[{"href":"https:\/\/giurgiu-net.ro\/index.php\/wp-json\/wp\/v2\/posts\/42184","targetHints":{"allow":["GET"]}}],"collection":[{"href":"https:\/\/giurgiu-net.ro\/index.php\/wp-json\/wp\/v2\/posts"}],"about":[{"href":"https:\/\/giurgiu-net.ro\/index.php\/wp-json\/wp\/v2\/types\/post"}],"author":[{"embeddable":true,"href":"https:\/\/giurgiu-net.ro\/index.php\/wp-json\/wp\/v2\/users\/1"}],"replies":[{"embeddable":true,"href":"https:\/\/giurgiu-net.ro\/index.php\/wp-json\/wp\/v2\/comments?post=42184"}],"version-history":[{"count":0,"href":"https:\/\/giurgiu-net.ro\/index.php\/wp-json\/wp\/v2\/posts\/42184\/revisions"}],"wp:attachment":[{"href":"https:\/\/giurgiu-net.ro\/index.php\/wp-json\/wp\/v2\/media?parent=42184"}],"wp:term":[{"taxonomy":"category","embeddable":true,"href":"https:\/\/giurgiu-net.ro\/index.php\/wp-json\/wp\/v2\/categories?post=42184"},{"taxonomy":"post_tag","embeddable":true,"href":"https:\/\/giurgiu-net.ro\/index.php\/wp-json\/wp\/v2\/tags?post=42184"}],"curies":[{"name":"wp","href":"https:\/\/api.w.org\/{rel}","templated":true}]}}