{"id":42172,"date":"2015-11-13T12:00:34","date_gmt":"2015-11-13T10:00:34","guid":{"rendered":"http:\/\/giurgiu-net.ro\/?p=42172"},"modified":"2015-11-13T12:00:34","modified_gmt":"2015-11-13T10:00:34","slug":"victor-ponta-despre-cresterea-economica-bravo-deci-se-poate","status":"publish","type":"post","link":"https:\/\/giurgiu-net.ro\/index.php\/2015\/11\/13\/victor-ponta-despre-cresterea-economica-bravo-deci-se-poate\/","title":{"rendered":"Victor Ponta, despre cre\u0219terea economic\u0103: Bravo! Deci se poate!"},"content":{"rendered":"<p>Fostul premier Victor Ponta a postat ast\u0103zi, pe pagina sa de Facebook, dou\u0103 mesaje ce se refer\u0103 la la cre\u0219terea economic\u0103 de 1,4% \u00eenregistrat\u0103 de Rom\u00e2nia \u00een trimestrul al treilea din 2015.<!--more--><\/p>\n<p>Sunt primele sale mesaje, dup\u0103 data de 4 noiembrie, c\u00e2nd a demisionat din func\u0163ia de prim-ministru al Rom\u00e2niei.<\/p>\n<p>&#8222;Bravo! Deci se poate!&#8221;, a scris Ponta, pe\u00a0<a href=\"https:\/\/www.facebook.com\/victor.ponta\/posts\/1050808828292337\">Facebook<\/a> iar cel\u0103lalt mesaj este, de fapt, o trimitere c\u0103tre \u015ftirea privind faptul c\u0103 <a href=\"https:\/\/www.agerpres.ro\/economie\/2015\/11\/13\/romania-lider-in-ue-la-cresterea-economica-in-trimestrul-al-treilea-12-35-04\">Rom\u00e2nia a \u00eenregistrat cea mai mare cre\u0219tere economic\u0103 din Uniunea European\u0103 \u00een trimestrul al treilea al acestui an<\/a>\u00a0comparativ cu trimestrul precedent, conform unei estim\u0103ri preliminare publicate vineri de Oficiul European pentru Statistic\u0103 (Eurostat).<\/p>\n<p>Gra\u021bie unei cre\u0219teri economice trimestriale de 1,4%, Rom\u00e2nia este lider \u00een UE, urmat\u0103 de Polonia \u0219i Slovacia (ambele cu o cre\u0219tere de 0,9%) \u0219i Spania, cu o cre\u0219tere de 0,8%. Potrivit Eurostat, economia zonei euro a urcat cu 0,3%, dup\u0103 un avans de 0,4% \u00een trimestrul precedent, iar Uniunea European\u0103 a \u00eenregistrat o cre\u0219tere economic\u0103 de 0,4%, similar\u0103 cu cea \u00eenregistrat\u0103 \u00een trimestrul al doilea.<\/p>\n<p>Comparativ cu perioada similar\u0103 a anului trecut, PIB-ul Rom\u00e2niei a \u00eenregistrat o cre\u0219tere de 3,6%, a doua mare cre\u0219tere din Uniunea European\u0103 dup\u0103 avansul de 4,3% \u00eenregistrat de Cehia. \u00cen ceea ce prive\u0219te cre\u0219terea anual\u0103 \u00eenregistrat\u0103 de economia zonei euro, aceasta a urcat u\u0219or la 1,6%, de la 1,5% \u00een trimestrul al doilea, \u00een timp ce PIB-ul UE a \u00eenregistrat un avans de 1,9%, acela\u0219i cu cel \u00eenregistrat \u00een trimestrul al doilea.<\/p>\n<p>Sursa: Agerpres.ro<\/p>\n","protected":false},"excerpt":{"rendered":"<p>Fostul premier Victor Ponta a postat ast\u0103zi, pe pagina sa de Facebook, dou\u0103 mesaje ce se refer\u0103 la la cre\u0219terea economic\u0103 de 1,4% \u00eenregistrat\u0103 de Rom\u00e2nia \u00een trimestrul al treilea din 2015.<\/p>\n","protected":false},"author":1,"featured_media":42032,"comment_status":"open","ping_status":"open","sticky":false,"template":"","format":"standard","meta":{"slim_seo":{"title":"Victor Ponta, despre cre\u0219terea economic\u0103: Bravo! Deci se poate! - GIURGIU NET","description":"Fostul premier Victor Ponta a postat ast\u0103zi, pe pagina sa de Facebook, dou\u0103 mesaje ce se refer\u0103 la la cre\u0219terea economic\u0103 de 1,4% \u00eenregistrat\u0103 de Rom\u00e2nia \u00een tri"},"footnotes":""},"categories":[18,22],"tags":[771,2747],"class_list":["post-42172","post","type-post","status-publish","format-standard","has-post-thumbnail","category-actual","category-nt","tag-crestere-economica","tag-victor-ponta"],"_links":{"self":[{"href":"https:\/\/giurgiu-net.ro\/index.php\/wp-json\/wp\/v2\/posts\/42172","targetHints":{"allow":["GET"]}}],"collection":[{"href":"https:\/\/giurgiu-net.ro\/index.php\/wp-json\/wp\/v2\/posts"}],"about":[{"href":"https:\/\/giurgiu-net.ro\/index.php\/wp-json\/wp\/v2\/types\/post"}],"author":[{"embeddable":true,"href":"https:\/\/giurgiu-net.ro\/index.php\/wp-json\/wp\/v2\/users\/1"}],"replies":[{"embeddable":true,"href":"https:\/\/giurgiu-net.ro\/index.php\/wp-json\/wp\/v2\/comments?post=42172"}],"version-history":[{"count":0,"href":"https:\/\/giurgiu-net.ro\/index.php\/wp-json\/wp\/v2\/posts\/42172\/revisions"}],"wp:attachment":[{"href":"https:\/\/giurgiu-net.ro\/index.php\/wp-json\/wp\/v2\/media?parent=42172"}],"wp:term":[{"taxonomy":"category","embeddable":true,"href":"https:\/\/giurgiu-net.ro\/index.php\/wp-json\/wp\/v2\/categories?post=42172"},{"taxonomy":"post_tag","embeddable":true,"href":"https:\/\/giurgiu-net.ro\/index.php\/wp-json\/wp\/v2\/tags?post=42172"}],"curies":[{"name":"wp","href":"https:\/\/api.w.org\/{rel}","templated":true}]}}