{"id":42028,"date":"2015-11-04T18:08:18","date_gmt":"2015-11-04T16:08:18","guid":{"rendered":"http:\/\/giurgiu-net.ro\/?p=42028"},"modified":"2015-11-04T18:08:18","modified_gmt":"2015-11-04T16:08:18","slug":"opinie-am-avut-dreptate-cu-privire-la-ambitiile-politice-versus-imprumutul-pentru-incalzire-asadar","status":"publish","type":"post","link":"https:\/\/giurgiu-net.ro\/index.php\/2015\/11\/04\/opinie-am-avut-dreptate-cu-privire-la-ambitiile-politice-versus-imprumutul-pentru-incalzire-asadar\/","title":{"rendered":"OPINIE: Am avut dreptate cu privire la ambi\u0163iile politice versus \u00eemprumutul pentru \u00eenc\u0103lzire, a\u015fadar?"},"content":{"rendered":"<p style=\"text-align: justify;\"><!--more-->P\u0103i, altfel, cum v\u0103 explica\u0163i faptul c\u0103, azi, dup\u0103 un adev\u0103rat t\u0103r\u0103boi f\u0103cut \u00een \u015fedin\u0163a extraordinar\u0103 de luni, 2 noiembrie, consilierii liberali au votat \u00een unanimitate proiectul privind contractarea unui \u00eemprumut?<br \/>\nRespectiv un credit de 4,5 milioane de lei, prin Trezoreria statului, de c\u0103tre Prim\u0103rie pentru asigurarea fun\u0163ion\u0103rii Centralei Termice a Global Energy Production, iarna aceasta&#8230;<\/p>\n<p>Pe cuv\u00e2nt de onoare c\u0103 nu m\u0103 bucur de faptul c\u0103 se pare c\u0103 am avut dreptate! \u00cens\u0103, recunosc, \u00eemi pare bine, totu\u015fi, c\u0103 liberalii despre care am scris <a href=\"https:\/\/giurgiu-net.ro\/archives\/41986\" target=\"_blank\" rel=\"noopener\">AICI<\/a>\u00a0au revenit, ca-n 2014, la sentimente mai bune \u015fi \u015fi-au dat seama c\u0103 este momentul s\u0103 pun\u0103 pe primul plan interesul cet\u0103\u0163enilor.<\/p>\n<p>Pe de alt\u0103 parte, acuzat\u0103 fiind, de doamna consilier PNL Mirela Ciulacu, pe Facebook, c\u0103 am min\u0163it \u00een materialul anterior, doresc s\u0103-i r\u0103spund acum, aici, a\u015fa: \u00een cele dou\u0103 comentarii transmise, de fapt nu a\u0163i contrazis nimic din ceea ce am notat acolo, poate doar c\u0103 nu l-a\u0163i fi \u201eurecheat\u201d pe primar, chestie pe care am \u015fi modificat-o.<\/p>\n<p>\u015ei, din aceea\u015fi considera\u0163ie precizat\u0103, redau aici, integral, mesajele transmise de Mirela Ciulacu pe Facebook.<\/p>\n<p><em>\u201e\u00a0<span data-reactid=\".ac.1:5.1:$comment412255212318987_412275085650333.0.$right.0.$left.0.0.2.$comment-body.0\"><span data-reactid=\".ac.1:5.1:$comment412255212318987_412275085650333.0.$right.0.$left.0.0.2.$comment-body.0.0\"><span data-ft=\"{&quot;tn&quot;:&quot;K&quot;}\" data-reactid=\".ac.1:5.1:$comment412255212318987_412275085650333.0.$right.0.$left.0.0.2.$comment-body\"><span data-reactid=\".ac.1:5.1:$comment412255212318987_412275085650333.0.$right.0.$left.0.0.2.$comment-body.0.0.$end\/=1$text0\/=010\"><span style=\"text-decoration: underline;\"><strong>Nimic mai fals decat cele prezentate aici. Mintiti poporul nu cu televizorul, ci cu ,, feisbucu&#8217; ,,. Pupand, mult prea apasat, hainele celui ce va plateste sa denaturati lucrurile.<\/strong><\/span> Interventia mea, deloc premeditata, a fost una clara. Mai exact, l-am i<\/span><\/span><span data-reactid=\".ac.1:5.1:$comment412255212318987_412275085650333.0.$right.0.$left.0.0.2.$comment-body.0.3\"><span data-reactid=\".ac.1:5.1:$comment412255212318987_412275085650333.0.$right.0.$left.0.0.2.$comment-body.0.3.0\"><span data-reactid=\".ac.1:5.1:$comment412255212318987_412275085650333.0.$right.0.$left.0.0.2.$comment-body.0.3.0.$end\/=1$text0\/=010\">ntrebat pe domnul primar daca este posibil sa se contracteze doar jumatate din creditul solicitat, necesar primelor 3 luni, existand posibilitatea obtinerii din surse guvernamentale a subventiei promise, de care s-a facut vorbire in ultimele luni. In acest fel, era asigurat si agentul termic necesar incalzirii municipiului si mai usoara rambursarea impovaratoarei sume imprumutate. Trebuie mentionat faptul ca restituirea eventualului imprumut impovareaza cetatenii municipiului pe urmatorii 15 ani. Nu mi se pare rezonabil sa se achite, anticipat, intreaga suma necesara incalzirii orasului pe o perioada de circa 6 luni. Nu l-am urecheat, si nici n-o voi face vreodata, pe dl. primar, care chiar nu a parut deranjat de intrebarea mea.<\/span><\/span><\/span><\/span> <\/span>Daca pretindeti corectitudine, raspundeti, va rog, nu mie, ci cetatenilor orasului Giurgiu, la urmatoarea intrebare: vi se pare moral si corect sa plateasca toti cetatenii orasului costurile de subventie cu care dl. primar vrea sa-si faca, din timp, ca<span data-reactid=\".ac.1:5.1:$comment412255212318987_412276158983559.0.$right.0.$left.0.0.2.$comment-body.0.3\"><span data-reactid=\".ac.1:5.1:$comment412255212318987_412276158983559.0.$right.0.$left.0.0.2.$comment-body.0.3.0\"><span data-reactid=\".ac.1:5.1:$comment412255212318987_412276158983559.0.$right.0.$left.0.0.2.$comment-body.0.3.0.$end\/=1$text0\/=010\">mpanie? Ce facem cu cei care locuiesc la case si cu cei care si-au montat centrale individuale? Creditul si dobanzile vor fi suportate de toti cetatenii Astept raspunsul dvs.<\/span><\/span><\/span><\/em>\u201d, a scris Mirela Ciulacu.<\/p>\n<p>R\u0103spunsul corect l-a\u0163i acordat dumneavoastr\u0103 \u015fi colegii dumneavoastr\u0103, \u00een \u015fedin\u0163a de azi, desigur vot\u00e2nd proiectul f\u0103r\u0103 vreo obiec\u0163ie ori amendament.<\/p>\n<p>Nu mai am nici eu vreo alt\u0103 observa\u0163ie.<\/p>\n<p>C\u0103t\u0103lina Sfetcu<\/p>\n","protected":false},"excerpt":{"rendered":"","protected":false},"author":1,"featured_media":42029,"comment_status":"open","ping_status":"open","sticky":false,"template":"","format":"standard","meta":{"slim_seo":{"title":"OPINIE: Am avut dreptate cu privire la ambi\u0163iile politice versus \u00eemprumutul pentru \u00eenc\u0103lzire, a\u015fadar? - GIURGIU NET","description":"P\u0103i, altfel, cum v\u0103 explica\u0163i faptul c\u0103, azi, dup\u0103 un adev\u0103rat t\u0103r\u0103boi f\u0103cut \u00een \u015fedin\u0163a extraordinar\u0103 de luni, 2 noiembrie, consilierii liberali au votat \u00een una"},"footnotes":""},"categories":[18,26,28],"tags":[616,1220,1337,1747,2025],"class_list":["post-42028","post","type-post","status-publish","format-standard","has-post-thumbnail","category-actual","category-soc","category-uo","tag-cl-giurgiu","tag-gep","tag-imprumut-trezorerie","tag-mirela-ciulacu","tag-pnl"],"_links":{"self":[{"href":"https:\/\/giurgiu-net.ro\/index.php\/wp-json\/wp\/v2\/posts\/42028","targetHints":{"allow":["GET"]}}],"collection":[{"href":"https:\/\/giurgiu-net.ro\/index.php\/wp-json\/wp\/v2\/posts"}],"about":[{"href":"https:\/\/giurgiu-net.ro\/index.php\/wp-json\/wp\/v2\/types\/post"}],"author":[{"embeddable":true,"href":"https:\/\/giurgiu-net.ro\/index.php\/wp-json\/wp\/v2\/users\/1"}],"replies":[{"embeddable":true,"href":"https:\/\/giurgiu-net.ro\/index.php\/wp-json\/wp\/v2\/comments?post=42028"}],"version-history":[{"count":0,"href":"https:\/\/giurgiu-net.ro\/index.php\/wp-json\/wp\/v2\/posts\/42028\/revisions"}],"wp:attachment":[{"href":"https:\/\/giurgiu-net.ro\/index.php\/wp-json\/wp\/v2\/media?parent=42028"}],"wp:term":[{"taxonomy":"category","embeddable":true,"href":"https:\/\/giurgiu-net.ro\/index.php\/wp-json\/wp\/v2\/categories?post=42028"},{"taxonomy":"post_tag","embeddable":true,"href":"https:\/\/giurgiu-net.ro\/index.php\/wp-json\/wp\/v2\/tags?post=42028"}],"curies":[{"name":"wp","href":"https:\/\/api.w.org\/{rel}","templated":true}]}}