{"id":41932,"date":"2015-10-30T12:30:51","date_gmt":"2015-10-30T10:30:51","guid":{"rendered":"http:\/\/giurgiu-net.ro\/?p=41932"},"modified":"2015-10-30T12:30:51","modified_gmt":"2015-10-30T10:30:51","slug":"social-democratii-giurgiuveni-saluta-reducerea-tva-pentru-livrarea-apei-potabile-si-a-apei-pentru-irigatii","status":"publish","type":"post","link":"https:\/\/giurgiu-net.ro\/index.php\/2015\/10\/30\/social-democratii-giurgiuveni-saluta-reducerea-tva-pentru-livrarea-apei-potabile-si-a-apei-pentru-irigatii\/","title":{"rendered":"Social-democra\u0163ii giurgiuveni salut\u0103 reducerea TVA pentru livrarea apei potabile \u015fi a apei pentru iriga\u0163ii"},"content":{"rendered":"<p>Purt\u0103torul de cuv\u00e2nt al PSD Giurgiu, R\u0103zvan Cuc, a declarat, \u00eentr-o recent\u0103 conferin\u0163\u0103 de pres\u0103, c\u0103 vestea este foarte bun\u0103 inclusiv pentru cei care se ocup\u0103 de agricultur\u0103.<!--more--><\/p>\n<p><em>\u201eFermierii vor iriga, iat\u0103, mai ieftin \u00een 2016. Aceasta, prin reducerea TVA aprobat\u0103 de Guvern. Ministrul Teodorovici a declarat c\u0103 aceast\u0103 m\u0103sur\u0103 va avea un impact pozitiv asupra veniturilor la bugetul de stat. \u00cel felicit pe ministru pentru c\u0103 toate m\u0103surile de reducere a fiscalit\u0103\u0163ii au fost coroborate cu altele care au dus inclusiv c\u0103tre rectific\u0103ri bugetare pozitive. A\u015fa cum ne a\u015ftept\u0103m s\u0103 fie \u015fi cea din decembrie\u201d<\/em>, a subliniat R\u0103zvan Cuc.<\/p>\n<p>Guvernul a aprobat mar\u0163i, 27 octombrie, reducerea TVA pentru livrarea apei potabile \u0219i a apei pentru iriga\u021bii. Potrivit actului normativ, \u00eencep\u00e2nd de anul viitor se va extinde aplicarea cotei reduse de TVA de 9% \u0219i pentru livrarea apei potabile \u0219i a apei pentru iriga\u021bii \u00een agricultur\u0103. M\u0103sura va avea un impact de 250 milioane de lei, potrivit ministrului Finan\u0163elor, Eugen Teodorovici.<\/p>\n<p>El estimeaz\u0103 c\u0103, \u00een urma aplic\u0103rii cotei reduse de TVA la ap\u0103, consumul va cre\u015fte iar pre\u0163urile multor produse \u015fi servicii \u00een economie vor sc\u0103dea.<\/p>\n","protected":false},"excerpt":{"rendered":"<p>Purt\u0103torul de cuv\u00e2nt al PSD Giurgiu, R\u0103zvan Cuc, a declarat, \u00eentr-o recent\u0103 conferin\u0163\u0103 de pres\u0103, c\u0103 vestea este foarte bun\u0103 inclusiv pentru cei care se ocup\u0103 de agricultur\u0103.<\/p>\n","protected":false},"author":1,"featured_media":41797,"comment_status":"open","ping_status":"open","sticky":false,"template":"","format":"standard","meta":{"slim_seo":{"title":"Social-democra\u0163ii giurgiuveni salut\u0103 reducerea TVA pentru livrarea apei potabile \u015fi a apei pentru iriga\u0163ii - GIURGIU NET","description":"Purt\u0103torul de cuv\u00e2nt al PSD Giurgiu, R\u0103zvan Cuc, a declarat, \u00eentr-o recent\u0103 conferin\u0163\u0103 de pres\u0103, c\u0103 vestea este foarte bun\u0103 inclusiv pentru cei care se ocup\u0103 de"},"footnotes":""},"categories":[18,26],"tags":[1101,1279,2250,2290,2680],"class_list":["post-41932","post","type-post","status-publish","format-standard","has-post-thumbnail","category-actual","category-soc","tag-fermieri","tag-guvern-ponta","tag-psd","tag-razvan-cuc","tag-tva-la-apa"],"_links":{"self":[{"href":"https:\/\/giurgiu-net.ro\/index.php\/wp-json\/wp\/v2\/posts\/41932","targetHints":{"allow":["GET"]}}],"collection":[{"href":"https:\/\/giurgiu-net.ro\/index.php\/wp-json\/wp\/v2\/posts"}],"about":[{"href":"https:\/\/giurgiu-net.ro\/index.php\/wp-json\/wp\/v2\/types\/post"}],"author":[{"embeddable":true,"href":"https:\/\/giurgiu-net.ro\/index.php\/wp-json\/wp\/v2\/users\/1"}],"replies":[{"embeddable":true,"href":"https:\/\/giurgiu-net.ro\/index.php\/wp-json\/wp\/v2\/comments?post=41932"}],"version-history":[{"count":0,"href":"https:\/\/giurgiu-net.ro\/index.php\/wp-json\/wp\/v2\/posts\/41932\/revisions"}],"wp:attachment":[{"href":"https:\/\/giurgiu-net.ro\/index.php\/wp-json\/wp\/v2\/media?parent=41932"}],"wp:term":[{"taxonomy":"category","embeddable":true,"href":"https:\/\/giurgiu-net.ro\/index.php\/wp-json\/wp\/v2\/categories?post=41932"},{"taxonomy":"post_tag","embeddable":true,"href":"https:\/\/giurgiu-net.ro\/index.php\/wp-json\/wp\/v2\/tags?post=41932"}],"curies":[{"name":"wp","href":"https:\/\/api.w.org\/{rel}","templated":true}]}}