{"id":41914,"date":"2015-10-29T16:22:27","date_gmt":"2015-10-29T14:22:27","guid":{"rendered":"http:\/\/giurgiu-net.ro\/?p=41914"},"modified":"2015-10-29T16:22:27","modified_gmt":"2015-10-29T14:22:27","slug":"opinie-miscatorii-populari-vor-sa-si-ia-tara-inapoi","status":"publish","type":"post","link":"https:\/\/giurgiu-net.ro\/index.php\/2015\/10\/29\/opinie-miscatorii-populari-vor-sa-si-ia-tara-inapoi\/","title":{"rendered":"OPINIE: Mi\u015fc\u0103torii Populari vor \u201es\u0103-\u015fi ia \u0163ara \u00eenapoi\u201d"},"content":{"rendered":"<p><em>M\u0103rturisesc un sado-masochism jurnalistic(prin participarea la o activitate despre care voi scrie aici) \u00eentru \u00eenf\u0103ptuirea unui asemenea material.<\/em><!--more--><\/p>\n<p>\u015ei-am tras aer \u00een piept. Noi to\u0163i cei care n-am avut altceva mai bun de f\u0103cut, joi, 29 octombrie, la ora 14.00, dec\u00e2t de a participa la conferin\u0163a celor de la Mi\u015fc\u0103rea Popular\u0103 Giurgiu.<\/p>\n<p>Eu nu, dar unii dintre colegi \u015ftiau c-o s\u0103 vin\u0103 \u015fi Dan Liga, personaj politic pe care l-am ratat anterior- el fiind la un moment dat deputat de Giurgiu- din motive obiective, venind prea t\u00e2n\u0103r\u0103 \u00een v\u00e2rstnica urbe.\u00a0Ce-i drept, auzisem c\u00e2te ceva despre dumnealui de la colegi cu vechime, experien\u0163\u0103 \u015fi \u00een\u0163elepciune. \u015etiam ceva de PRM, Irina Loghin, m\u0103 rog.<\/p>\n<p>Numai c\u0103, \u201eafurisit\u201d \u00eentr-un fel sau altul, m\u0103rturise\u015fte \u015fi \u2018mnealui &#8222;un botez \u00eentru iertarea p\u0103catelor&#8221; prin 2008, c\u00e2nd pup\u0103 poalele Traian-ului B\u0103sescu. \u0162u\u015fti, deci, la PDL. De acolo, zise domnia sa, de prin 2012- c\u00e2nd portocaliii au fost u\u015fui\u0163i de majoritatea rom\u00e2nilor revolta\u0163i- p\u00e2n\u0103 fix amu, plec\u0103 din politic\u0103 pentru, citez: \u201etimp mai mult pentru familia mea\u201d.<\/p>\n<p>(Trei ani or fi de ajuns? Interesant, pare de verificat pentru mai mul\u0163i politicieni,\u00a0de acord?)<\/p>\n<p>\u015ei, b\u0103i, ce coincinden\u0163\u0103!, la nici un an distan\u0163\u0103 de locale, odat\u0103 cu strig\u0103tul \u015fi respira\u0163ia ascu\u0163it\u0103 a resuscitatului (hai, nu v\u0103 sup\u0103ra\u0163i!) Traian B\u0103sescu, D\u0103nu\u0163 Liga revine la Giurgiu. Ce-i drept, doar ca r\u0103spunz\u0103tor de actele politice ale lui Ionel Dinu \u015fi ale echipei acestuia din urm\u0103(deocamdat\u0103).<\/p>\n<p>\u015ei, dup\u0103 3 ani de&#8230; (cine \u015ftie pe unde \u015fi-o fi petrecut zilele, rupt de realitatea s\u0103r\u0103ciei), r\u0103m\u00e2ne cu ochii bulbuca\u0163i, siderat \u015fi uluit, revoltat ar vrea s\u0103 par\u0103, de: cum dracu\u2019 Giurgiu n-a devenit vreun Las Vegas, a\u015fa ? C\u0103 doar dumnealui a fost deputat, \u00een 2004-2008, \u015fi-ar fi trebuit ca toate proiectele, ini\u0163iativele domniei sale(?), \u00eentocmite, ca deputat, dup\u0103 miliardele de discu\u0163ii cu simplii giurgiuveni, s\u0103 fi fost puse \u00een practic\u0103&#8230; Am glumit, desigur!<a href=\"https:\/\/giurgiu-net.ro\/wp-content\/uploads\/2015\/10\/DSC_00233.jpg\"><img loading=\"lazy\" decoding=\"async\" class=\"aligncenter size-large wp-image-41916\" src=\"https:\/\/giurgiu-net.ro\/wp-content\/uploads\/2015\/10\/DSC_00233-199x300.jpg\" alt=\"DSC_0023\" width=\"199\" height=\"300\" \/><\/a><\/p>\n<p>Pun pariu c\u0103\u00a0m\u0103 ve\u0163i \u00eentreba: bine, bine, treci mai departe, ce-a zis, e altfel, e altu\u2019? A prezentat vreun proiect, vreo solu\u0163ie, ceva? A \u00eenv\u0103\u0163at vreo treab\u0103 politico- divin\u0103, cum s\u0103 \u00eenf\u0103ptuiasc\u0103 minuni, c\u00e2t a umblat prin Capital\u0103 \u015fi prin SUA(a zis c\u0103 are \u201eacte\u201d \u015fi acolo)?<\/p>\n<p>Avea\u0163i a\u015ftept\u0103ri? P\u0103cat. Nu. A zis doar c\u0103 Mi\u015fcarea Popular\u0103 va deveni \u201esingurul partid de Opozi\u0163ie \u015fi care va spune lucrurilor pe nume\u201d.<\/p>\n<p>Pe care nume \u015fi ce Opozi\u0163ie, domnule Liga? Asta ne trebuie nou\u0103? Al\u0163ii care s\u0103 dea din gur\u0103? \u015ei cine d\u0103 din gur\u0103? Cei pe care i-am dat jos pentru, ZIC IAR, t\u0103ieri de pensii \u015fi salarii, \u00een timp ce \u0103i mai mari b\u0103gau milioane de euro \u00een gen\u0163i, po\u015fete, pantofi cu toc \u015fi buzunare? Cu cine ve\u0163i face opozi\u0163ie: cu Bica, Udrea, Blaga, Videanu? Cine o s\u0103 strige \u015fi cu ce ne ajut\u0103, domnule Liga?<\/p>\n<p><em>\u201e\u00cen 2016, la algerile parlamentare vrem s\u0103 putem s\u0103 \u00eencepem s\u0103 guvern\u0103m Rom\u00e2nia a\u015fa cum trebuie. Z\u00e2mbi\u0163i?\u201d<\/em>, ne-a \u00eentrebat el. R\u00e2dem, de-a dreptul! Uita\u0163i, ha-ha-ha&#8230;<\/p>\n<p><em>\u201eVrem s\u0103 guvern\u0103m \u0163ara pentru c\u0103 Rom\u00e2nia e frumoas\u0103, cu poten\u0163ial, dar \u00eei trebuie un partid care s\u0103 guverneze cum trebuie(&#8230;) Sunt multe organiza\u0163ii din PSD \u015fi PNL care regret\u0103 perioada c\u00e2t pre\u015fedintele B\u0103sescu a condus Rom\u00e2nia \u015fi ar face orice ca s\u0103 mai tr\u0103iasc\u0103 \u00een acea perioad\u0103!\u201d<\/em>, a mai zis D\u0103nu\u0163 Liga.<\/p>\n<p>Acum, parol, n-am \u015ftiut dac\u0103 s\u0103 continui s\u0103 r\u00e2d, precum colegii mei din spate, st\u00e2nga, dreapta, fa\u0163\u0103 sau s\u0103 m\u0103 ridic \u015fi s\u0103 p\u0103r\u0103sesc conferin\u0163a. M\u0103rturisesc un sado-masochism jurnalistic prin r\u0103m\u00e2nerea la \u00eent\u00e2lnire \u015fi ascultarea \u015fi notarea altor asemenea declara\u0163ii pe care v\u0103 las pe dumneavoastr\u0103 s\u0103 le cataloga\u0163i.<\/p>\n<p>Pre\u015fedintele executiv al MP Giurgiu, Viorel P\u0103trana: <em>\u201e\u00cen timpul lui Traian B\u0103sescu s-a reu\u015fit eliberarea justi\u0163iei de sub jugul politic!\u201d<\/em><\/p>\n<p>Pre\u015fedinte MP Giurgiu, Ionel Dinu: \u201eLa Congres, Traian B\u0103sescu a spus c\u0103 vor veni mul\u0163i, cum zicea Decebal c\u0103 \u015fi lupii \u00eembl\u0103nzi\u0163i se vor \u00eentoarce \u00een p\u0103dure la chemarea alor s\u0103i&#8230;&#8221;<\/p>\n<p>Jurnalist:- P\u0103i \u015fi-i primi\u0163i? N-a\u0163i zis c\u0103 cei de la PNL nu sunt \u00een stare nici Opozi\u0163ie s\u0103 fac\u0103 iar al\u0163ii se prefac c\u0103 guverneaz\u0103?<\/p>\n<p>Dinu:- <em>\u201eP\u0103i, era vorba de PDL-i\u015fti&#8230;\u201d<\/em><\/p>\n<p>QUOD ERAT DEMONSTRANDUM<\/p>\n<p>C\u0103t\u0103lina Sfetcu<\/p>\n","protected":false},"excerpt":{"rendered":"<p>M\u0103rturisesc un sado-masochism jurnalistic(prin participarea la o activitate despre care voi scrie aici) \u00eentru \u00eenf\u0103ptuirea unui asemenea material.<\/p>\n","protected":false},"author":1,"featured_media":41915,"comment_status":"open","ping_status":"open","sticky":false,"template":"","format":"standard","meta":{"slim_seo":{"title":"OPINIE: Mi\u015fc\u0103torii Populari vor \u201es\u0103-\u015fi ia \u0163ara \u00eenapoi\u201d - GIURGIU NET","description":"M\u0103rturisesc un sado-masochism jurnalistic(prin participarea la o activitate despre care voi scrie aici) \u00eentru \u00eenf\u0103ptuirea unui asemenea material. \u015ei-am tras aer"},"footnotes":""},"categories":[18,20,23,25],"tags":[834,1433,1755,2655],"class_list":{"0":"post-41914","1":"post","2":"type-post","3":"status-publish","4":"format-standard","5":"has-post-thumbnail","7":"category-actual","8":"category-edit","9":"category-pam","10":"category-pol","11":"tag-danut-liga","12":"tag-ionel-dinu","13":"tag-miscarea-populara-giurgiu","14":"tag-traian-basescu"},"_links":{"self":[{"href":"https:\/\/giurgiu-net.ro\/index.php\/wp-json\/wp\/v2\/posts\/41914","targetHints":{"allow":["GET"]}}],"collection":[{"href":"https:\/\/giurgiu-net.ro\/index.php\/wp-json\/wp\/v2\/posts"}],"about":[{"href":"https:\/\/giurgiu-net.ro\/index.php\/wp-json\/wp\/v2\/types\/post"}],"author":[{"embeddable":true,"href":"https:\/\/giurgiu-net.ro\/index.php\/wp-json\/wp\/v2\/users\/1"}],"replies":[{"embeddable":true,"href":"https:\/\/giurgiu-net.ro\/index.php\/wp-json\/wp\/v2\/comments?post=41914"}],"version-history":[{"count":0,"href":"https:\/\/giurgiu-net.ro\/index.php\/wp-json\/wp\/v2\/posts\/41914\/revisions"}],"wp:featuredmedia":[{"embeddable":true,"href":"https:\/\/giurgiu-net.ro\/index.php\/wp-json\/"}],"wp:attachment":[{"href":"https:\/\/giurgiu-net.ro\/index.php\/wp-json\/wp\/v2\/media?parent=41914"}],"wp:term":[{"taxonomy":"category","embeddable":true,"href":"https:\/\/giurgiu-net.ro\/index.php\/wp-json\/wp\/v2\/categories?post=41914"},{"taxonomy":"post_tag","embeddable":true,"href":"https:\/\/giurgiu-net.ro\/index.php\/wp-json\/wp\/v2\/tags?post=41914"}],"curies":[{"name":"wp","href":"https:\/\/api.w.org\/{rel}","templated":true}]}}