{"id":41859,"date":"2015-10-27T12:38:23","date_gmt":"2015-10-27T10:38:23","guid":{"rendered":"http:\/\/giurgiu-net.ro\/?p=41859"},"modified":"2015-10-27T12:38:23","modified_gmt":"2015-10-27T10:38:23","slug":"vor-fi-bani-pentru-scaderea-de-taxe-si-cresterea-salariilor-profesorilor-si-medicilor-spune-premierul-ponta","status":"publish","type":"post","link":"https:\/\/giurgiu-net.ro\/index.php\/2015\/10\/27\/vor-fi-bani-pentru-scaderea-de-taxe-si-cresterea-salariilor-profesorilor-si-medicilor-spune-premierul-ponta\/","title":{"rendered":"\u201eVor fi bani pentru sc\u0103derea de taxe \u015fi cre\u015fterea salariilor profesorilor \u015fi medicilor\u201d spune premierul Ponta"},"content":{"rendered":"<p>Primul-ministru al Rom\u00e2niei, Victor Ponta, a postat, recent, pe pagina sa de Facebook, un mesaj cu privire la nout\u0103\u0163ile din economia \u0163\u0103rii.<!--more--><\/p>\n<p><em><a href=\"https:\/\/giurgiu-net.ro\/wp-content\/uploads\/2015\/06\/ponta-guvern.jpg\"><img loading=\"lazy\" decoding=\"async\" class=\"aligncenter wp-image-39731 size-large\" src=\"https:\/\/giurgiu-net.ro\/wp-content\/uploads\/2015\/06\/ponta-guvern-300x206.jpg\" alt=\"ponta guvern\" width=\"300\" height=\"206\" \/><\/a>\u201eO veste din economia real\u0103! <strong>\u00cencas\u0103rile suplimentare la\u00a0<a href=\"https:\/\/www.facebook.com\/hashtag\/buget?source=feed_text&amp;story_id=1043333875706499\" data-ft=\"{&quot;tn&quot;:&quot;*N&quot;,&quot;type&quot;:104}\">\u202a#\u200ebuget<\/a>\u00a0\u00een primele 9 luni din 2015 sunt de 13,6 miliarde RON, mai mari dec\u00e2t plusul de venituri \u00eencasate pe tot anul 2014 (13,5 miliarde RON)!<\/strong><\/em><\/p>\n<p><em>Cum se cite\u0219te asta: modelul\u00a0<a href=\"https:\/\/www.facebook.com\/hashtag\/economic?source=feed_text&amp;story_id=1043333875706499\" data-ft=\"{&quot;tn&quot;:&quot;*N&quot;,&quot;type&quot;:104}\">\u202a#\u200eeconomic<\/a>\u00a0propus de noi func\u021bioneaz\u0103 \u0219i vor fi bani pentru sc\u0103derea de taxe \u0219i cre\u0219terea salariilor profesorilor \u0219i medicilor.<\/em><\/p>\n<p><em>Mai mult, <span style=\"text-decoration: underline;\">avem 6,1 miliarde RON\u00a0<a href=\"https:\/\/www.facebook.com\/hashtag\/excedent?source=feed_text&amp;story_id=1043333875706499\" data-ft=\"{&quot;tn&quot;:&quot;*N&quot;,&quot;type&quot;:104}\">\u202a#\u200eexcedent<\/a>\u00a0bugetar (0,87% din PIB), mult mai mare dec\u00e2t excedentul de 0,4 miliarde RON\u00a0(0,06% din PIB) \u00eenregistrat la aceea\u0219i dat\u0103 \u00een anul 2014!<\/span><\/em><\/p>\n<p><em><strong>Rezultatele sunt foarte bune cu toate c\u0103 am luat m\u0103suri de relaxare fiscal\u0103 importante (<a href=\"https:\/\/www.facebook.com\/hashtag\/tva?source=feed_text&amp;story_id=1043333875706499\" data-ft=\"{&quot;tn&quot;:&quot;*N&quot;,&quot;type&quot;:104}\">\u202a#\u200eTVA<\/a>\u00a09% la produse alimentare \u0219i b\u0103uturi nealcoolice, scutirea de impozit pe profitul reinvestit, reducerea CAS cu 5 p.p. la angajator \u0219.a.)<\/strong>\u201d<\/em>, a scris Victor Ponta pe Facebook.<\/p>\n","protected":false},"excerpt":{"rendered":"<p>Primul-ministru al Rom\u00e2niei, Victor Ponta, a postat, recent, pe pagina sa de Facebook, un mesaj cu privire la nout\u0103\u0163ile din economia \u0163\u0103rii.<\/p>\n","protected":false},"author":1,"featured_media":41860,"comment_status":"open","ping_status":"open","sticky":false,"template":"","format":"standard","meta":{"slim_seo":{"title":"\u201eVor fi bani pentru sc\u0103derea de taxe \u015fi cre\u015fterea salariilor profesorilor \u015fi medicilor\u201d spune premierul Ponta - GIURGIU NET","description":"Primul-ministru al Rom\u00e2niei, Victor Ponta, a postat, recent, pe pagina sa de Facebook, un mesaj cu privire la nout\u0103\u0163ile din economia \u0163\u0103rii. \u201eO veste din economi"},"footnotes":""},"categories":[19,22],"tags":[1015,1072,1279,2747],"class_list":["post-41859","post","type-post","status-publish","format-standard","has-post-thumbnail","category-adm","category-nt","tag-economie","tag-excedent-bugetar","tag-guvern-ponta","tag-victor-ponta"],"_links":{"self":[{"href":"https:\/\/giurgiu-net.ro\/index.php\/wp-json\/wp\/v2\/posts\/41859","targetHints":{"allow":["GET"]}}],"collection":[{"href":"https:\/\/giurgiu-net.ro\/index.php\/wp-json\/wp\/v2\/posts"}],"about":[{"href":"https:\/\/giurgiu-net.ro\/index.php\/wp-json\/wp\/v2\/types\/post"}],"author":[{"embeddable":true,"href":"https:\/\/giurgiu-net.ro\/index.php\/wp-json\/wp\/v2\/users\/1"}],"replies":[{"embeddable":true,"href":"https:\/\/giurgiu-net.ro\/index.php\/wp-json\/wp\/v2\/comments?post=41859"}],"version-history":[{"count":0,"href":"https:\/\/giurgiu-net.ro\/index.php\/wp-json\/wp\/v2\/posts\/41859\/revisions"}],"wp:attachment":[{"href":"https:\/\/giurgiu-net.ro\/index.php\/wp-json\/wp\/v2\/media?parent=41859"}],"wp:term":[{"taxonomy":"category","embeddable":true,"href":"https:\/\/giurgiu-net.ro\/index.php\/wp-json\/wp\/v2\/categories?post=41859"},{"taxonomy":"post_tag","embeddable":true,"href":"https:\/\/giurgiu-net.ro\/index.php\/wp-json\/wp\/v2\/tags?post=41859"}],"curies":[{"name":"wp","href":"https:\/\/api.w.org\/{rel}","templated":true}]}}