{"id":41448,"date":"2015-10-06T19:24:19","date_gmt":"2015-10-06T16:24:19","guid":{"rendered":"http:\/\/giurgiu-net.ro\/?p=41448"},"modified":"2015-10-06T19:24:19","modified_gmt":"2015-10-06T16:24:19","slug":"victor-ponta-catre-pnl-lasati-ne-pe-noi-sa-ne-ocupam-de-economie-si-finante-voi-va-vedeti-de-scandal","status":"publish","type":"post","link":"https:\/\/giurgiu-net.ro\/index.php\/2015\/10\/06\/victor-ponta-catre-pnl-lasati-ne-pe-noi-sa-ne-ocupam-de-economie-si-finante-voi-va-vedeti-de-scandal\/","title":{"rendered":"Victor Ponta, c\u0103tre PNL: L\u0103sa\u0163i-ne pe noi s\u0103 ne ocup\u0103m de economie \u015fi finan\u0163e, voi v\u0103 vede\u0163i de scandal!"},"content":{"rendered":"<p>Premierul Rom\u00e2niei a postat, recent, pe pagina sa de Facebook, un mesaj \u00een care spune c\u0103 sper\u0103 ca acum \u201es\u0103 se termine cu discursul mincinos \u015fi populist al PNL\/PDL\u201d.<!--more-->\u201eL\u0103sa\u0163i-ne pe noi s\u0103 ne ocup\u0103m de economie \u015fi finan\u0163e, voi v\u0103 vede\u0163i de scandal!\u201d a scris Ponta, cit\u00e2nd date din Raportul asupra Stabilit\u0103\u021bii Financiare a Rom\u00e2niei, 2015, care spune a\u015fa: <em>&#8221; Stocul de datorie extern\u0103 a Rom\u00e2niei a continuat s\u0103 se diminueze \u00een perioada decembrie 2013 &#8211; iunie 2015 \u0219i a atins un nivel de 91 miliarde euro. \u00cen structur\u0103, datoria extern\u0103 a sectorului public \u015fi a autorit\u0103\u021bilor monetare s-a diminuat cu 7%, ca urmare a pl\u0103\u0163ii unei p\u0103r\u0163i importante a \u00eemprumutului c\u0103tre FMI, conform acordului de finan\u0163are a Rom\u00e2niei cu organismele interna\u0163ionale.<a href=\"https:\/\/giurgiu-net.ro\/wp-content\/uploads\/2015\/10\/datorie1.png\"><img loading=\"lazy\" decoding=\"async\" class=\"aligncenter size-large wp-image-41450\" src=\"https:\/\/giurgiu-net.ro\/wp-content\/uploads\/2015\/10\/datorie1-300x300.png\" alt=\"datorie\" width=\"300\" height=\"300\" \/><\/a><\/em><\/p>\n<p><em>Datoria extern\u0103 privat\u0103 s-a contractat cu 4% \u00een intervalul decembrie 2013 &#8211; iunie 2015.&#8221;<\/em><\/p>\n<p>De asemenea, premierul Ponta a scris, tot pe Facebook, \u015fi despre ultimele ve\u015fti de la FMI.<\/p>\n<p>\u201e <a href=\"https:\/\/www.facebook.com\/hashtag\/rom%C3%A2nia?source=feed_text&amp;story_id=1034700809903139\">\u202a#\u200eRom\u00e2nia<\/a>\u00a0merge mai bine dec\u00e2t se preconiza! (\u0219i o s\u0103 aud din nou ca Dna. Gorghiu, Labradorul Vasile \u0219i Premierul Fantom\u0103 &#8222;to be elected&#8221; \u00eemi cer \u0219i pentru asta demisia)!\u201d a scris premierul, ata\u015f\u00e2nd link-ul c\u0103tre materialul ce prezint\u0103 mai multe informa\u0163ii.<\/p>\n<p><a href=\"https:\/\/www.profit.ro\/stiri\/economie\/fmi-a-revizuit-in-urcare-puternica-estimarea-privind-cresterea-economica-a-romaniei-in-2015-si-2016-14468829\" target=\"_blank\" rel=\"noopener\">\u00a0 https:\/\/www.profit.ro\/\u2026\/fmi-a-revizuit-in-urcare-puternica-e\u2026\u201d<\/a><\/p>\n","protected":false},"excerpt":{"rendered":"<p>Premierul Rom\u00e2niei a postat, recent, pe pagina sa de Facebook, un mesaj \u00een care spune c\u0103 sper\u0103 ca acum \u201es\u0103 se termine cu discursul mincinos \u015fi populist al PNL\/PDL\u201d.<\/p>\n","protected":false},"author":1,"featured_media":40404,"comment_status":"open","ping_status":"open","sticky":false,"template":"","format":"standard","meta":{"slim_seo":{"title":"Victor Ponta, c\u0103tre PNL: L\u0103sa\u0163i-ne pe noi s\u0103 ne ocup\u0103m de economie \u015fi finan\u0163e, voi v\u0103 vede\u0163i de scandal! - GIURGIU NET","description":"Premierul Rom\u00e2niei a postat, recent, pe pagina sa de Facebook, un mesaj \u00een care spune c\u0103 sper\u0103 ca acum \u201es\u0103 se termine cu discursul mincinos \u015fi populist al PNL\/P"},"footnotes":""},"categories":[18,22],"tags":[847,1132,1279],"class_list":["post-41448","post","type-post","status-publish","format-standard","has-post-thumbnail","category-actual","category-nt","tag-datorie-fmi","tag-fmi","tag-guvern-ponta"],"_links":{"self":[{"href":"https:\/\/giurgiu-net.ro\/index.php\/wp-json\/wp\/v2\/posts\/41448","targetHints":{"allow":["GET"]}}],"collection":[{"href":"https:\/\/giurgiu-net.ro\/index.php\/wp-json\/wp\/v2\/posts"}],"about":[{"href":"https:\/\/giurgiu-net.ro\/index.php\/wp-json\/wp\/v2\/types\/post"}],"author":[{"embeddable":true,"href":"https:\/\/giurgiu-net.ro\/index.php\/wp-json\/wp\/v2\/users\/1"}],"replies":[{"embeddable":true,"href":"https:\/\/giurgiu-net.ro\/index.php\/wp-json\/wp\/v2\/comments?post=41448"}],"version-history":[{"count":0,"href":"https:\/\/giurgiu-net.ro\/index.php\/wp-json\/wp\/v2\/posts\/41448\/revisions"}],"wp:attachment":[{"href":"https:\/\/giurgiu-net.ro\/index.php\/wp-json\/wp\/v2\/media?parent=41448"}],"wp:term":[{"taxonomy":"category","embeddable":true,"href":"https:\/\/giurgiu-net.ro\/index.php\/wp-json\/wp\/v2\/categories?post=41448"},{"taxonomy":"post_tag","embeddable":true,"href":"https:\/\/giurgiu-net.ro\/index.php\/wp-json\/wp\/v2\/tags?post=41448"}],"curies":[{"name":"wp","href":"https:\/\/api.w.org\/{rel}","templated":true}]}}